{"id":82416,"date":"2022-06-09T13:48:03","date_gmt":"2022-06-09T13:48:03","guid":{"rendered":"http:\/\/folhadosudeste.com\/site\/?p=82416"},"modified":"2022-06-09T13:48:03","modified_gmt":"2022-06-09T13:48:03","slug":"dia-dos-namorados-pessoas-com-deficiencia-enfrentam-dificuldades-preconceitos-e-muitos-desafios-quando-o-assunto-e-namoro","status":"publish","type":"post","link":"https:\/\/folhadosudeste.com\/site\/?p=82416","title":{"rendered":"Dia dos Namorados: Pessoas com defici\u00eancia enfrentam dificuldades, preconceitos e muitos desafios quando o assunto \u00e9 namoro"},"content":{"rendered":"<p><a href=\"http:\/\/folhadosudeste.com\/site\/wp-content\/uploads\/2022\/06\/relacao-romantica-entre-jovem-deficiente-nascida-sem-bracos-e-o-namorado-deficiente_473712-2661.jpg\"><img loading=\"lazy\" decoding=\"async\" class=\"alignnone size-full wp-image-82417\" src=\"http:\/\/folhadosudeste.com\/site\/wp-content\/uploads\/2022\/06\/relacao-romantica-entre-jovem-deficiente-nascida-sem-bracos-e-o-namorado-deficiente_473712-2661.jpg\" alt=\"\" width=\"2000\" height=\"1333\" srcset=\"https:\/\/folhadosudeste.com\/site\/wp-content\/uploads\/2022\/06\/relacao-romantica-entre-jovem-deficiente-nascida-sem-bracos-e-o-namorado-deficiente_473712-2661.jpg 2000w, https:\/\/folhadosudeste.com\/site\/wp-content\/uploads\/2022\/06\/relacao-romantica-entre-jovem-deficiente-nascida-sem-bracos-e-o-namorado-deficiente_473712-2661-300x200.jpg 300w, https:\/\/folhadosudeste.com\/site\/wp-content\/uploads\/2022\/06\/relacao-romantica-entre-jovem-deficiente-nascida-sem-bracos-e-o-namorado-deficiente_473712-2661-768x512.jpg 768w, https:\/\/folhadosudeste.com\/site\/wp-content\/uploads\/2022\/06\/relacao-romantica-entre-jovem-deficiente-nascida-sem-bracos-e-o-namorado-deficiente_473712-2661-1024x682.jpg 1024w, https:\/\/folhadosudeste.com\/site\/wp-content\/uploads\/2022\/06\/relacao-romantica-entre-jovem-deficiente-nascida-sem-bracos-e-o-namorado-deficiente_473712-2661-120x80.jpg 120w, https:\/\/folhadosudeste.com\/site\/wp-content\/uploads\/2022\/06\/relacao-romantica-entre-jovem-deficiente-nascida-sem-bracos-e-o-namorado-deficiente_473712-2661-345x230.jpg 345w\" sizes=\"auto, (max-width: 2000px) 100vw, 2000px\" \/><\/a><\/p>\n<p style=\"text-align: justify;\">O Dia dos Namorados est\u00e1 chegando e, mesmo com o preconceito que ainda enfrentam, pessoas com defici\u00eancia namoram e fazem quest\u00e3o de comemorar a data. As dificuldades de cada um s\u00e3o superadas pela afinidade, carinho e companheirismo que sustentam as hist\u00f3rias de amor.<br \/>\n&nbsp;<\/p>\n<p style=\"text-align: justify;\">Ao longo de nossa exist\u00eancia, mitos e lendas foram criados em torno do namoro de pessoas com defici\u00eancia intelectual. N\u00e3o faltaram r\u00f3tulos de assexuadas, inf\u00e9rteis ou mesmo incapazes de controlar seus impulsos sexuais; arqu\u00e9tipos que precisam ser derrubados! A&nbsp;sexualidade \u00e9 parte integrante da personalidade e as necessidades afetivo-sexuais mediam as rela\u00e7\u00f5es que surgem ao longo de nossas vidas, seja entre pessoas com defici\u00eancia ou n\u00e3o.<br \/>\n&nbsp;<\/p>\n<p style=\"text-align: justify;\">Especialista em inclus\u00e3o social, o Defensor P\u00fablico Federal Andr\u00e9 Naves lembra que a Lei Brasileira de Inclus\u00e3o, em seu artigo 6\u00ba, assegura que a defici\u00eancia, de qualquer tipo, n\u00e3o prejudica a capacidade civil da pessoa para se casar ou constituir uni\u00e3o est\u00e1vel; bem como o direito de exercer direitos sexuais e reprodutivos; ter acesso a informa\u00e7\u00f5es sobre reprodu\u00e7\u00e3o e planejamento familiar; conservar a fertilidade &#8211; sendo vedada a esteriliza\u00e7\u00e3o compuls\u00f3ria -; e exercer direito \u00e0 fam\u00edlia e \u00e0 conviv\u00eancia familiar e comunit\u00e1ria.<br \/>\n&nbsp;<\/p>\n<p style=\"text-align: justify;\">&#8220;Nossa sociedade, apesar de ainda n\u00e3o estar preparada para aceitar uma rela\u00e7\u00e3o que envolva um deficiente e outra pessoa com ou sem qualquer tipo de limita\u00e7\u00e3o, muito tem avan\u00e7ado neste sentido.&nbsp;Sabemos que os deficientes enfrentam dificuldades at\u00e9 na hora da aceita\u00e7\u00e3o da pr\u00f3pria fam\u00edlia, quando anunciam um relacionamento amoroso. \u00c9 fundamental o di\u00e1logo entre os casais e suas fam\u00edlias e\/ou amigos no momento de iniciar um namoro. Todos precisam entender que, apesar das dificuldades do dia a dia que certamente v\u00e3o surgir, o amor e companheirismo sempre ajudar\u00e3o a superar os obst\u00e1culos&#8221;, afirma Naves.<\/p>\n<p style=\"text-align: justify;\"><!--more--><\/p>\n<p style=\"text-align: justify;\">Repositora em uma loja de brinquedos, Eliana Ritvo, de 58 anos, conheceu o motorista Leonel Becker, de 60, quando ambos estudavam no Col\u00e9gio Hebraico Brasileiro Renascen\u00e7a, na capital paulista. Na \u00e9poca, ela era casada e eles ficaram muito amigos. Ap\u00f3s a separa\u00e7\u00e3o de Eliana, os dois voltaram a se aproximar. Foi quando Leonel a convidou para participar das atividades no Grupo Chaverim, que promove a socializa\u00e7\u00e3o de pessoas com defici\u00eancia intelectual e psicossocial.<br \/>\n&nbsp;<\/p>\n<p style=\"text-align: justify;\">&#8220;Nosso relacionamento \u00e9 muito bom porque conversamos bastante. Moramos na casa da minha m\u00e3e e a vida \u00e9 sempre uma luta di\u00e1ria, principalmente com a pandemia&#8221;, diz a repositora, casada com o motorista h\u00e1 oito anos.<br \/>\n&nbsp;<\/p>\n<p style=\"text-align: justify;\">Presidente do Conselho do Chaverim, a assistente social Ester Tarandach afirma que \u00e9 preciso tratar os PcDs como pessoas que precisam ter a pr\u00f3pria autonomia, independentemente de suas defici\u00eancias. &#8220;Quando falamos de PcDs, temos de saber que eles precisam ter oportunidades, viv\u00eancias, para que tenham condi\u00e7\u00f5es de assumir e ter responsabilidade pelas pr\u00f3prias a\u00e7\u00f5es, seja na rela\u00e7\u00e3o com amigos, na escola, no trabalho ou nas rela\u00e7\u00f5es amorosas&#8221;, diz.<br \/>\n&nbsp;<\/p>\n<p style=\"text-align: justify;\">Tarandach considera necess\u00e1rio ampliar o conceito de acessibilidade. &#8220;A sociedade n\u00e3o tem de ser acess\u00edvel somente no que se refere a deslocamentos de PcDs pela cidade, mas criar condi\u00e7\u00f5es para que todos tenham uma vida social. Precisamos trabalhar dentro de n\u00f3s os preconceitos e olhar a todos com respeito e afeto, em um mundo onde todos vivemos juntos&#8221;, pontua a assistente social.<br \/>\n&nbsp;<\/p>\n<p style=\"text-align: justify;\">Para os PcDs que ainda est\u00e3o sozinhos e querem conhecer algu\u00e9m neste Dia dos Namorados, j\u00e1 existem&nbsp;aplicativos desenvolvidos especialmente para esta finalidade, como o&nbsp;aplicativo&nbsp;<i>Devotee<\/i>, uma esp\u00e9cie de&nbsp;<i>Tinder<\/i>&nbsp;para pessoas com defici\u00eancia;&nbsp;al\u00e9m de outros aplicativos de relacionamentos que j\u00e1 desenvolveram uma se\u00e7\u00e3o espec\u00edfica para PcDs. &#8220;O importante \u00e9 que rapazes e mo\u00e7as, de qualquer idade, se permitam amar e ser amados. Preconceitos sempre existiram. Dia dos Namorados \u00e9 para ser comemorado por todos&#8221;, conclui Naves.<\/p>\n<p style=\"text-align: justify;\">&nbsp;<\/p>\n","protected":false},"excerpt":{"rendered":"<p>O Dia dos Namorados est\u00e1 chegando e, mesmo com o preconceito que ainda enfrentam, pessoas com defici\u00eancia namoram e fazem quest\u00e3o de comemorar a data. As dificuldades de cada um s\u00e3o superadas pela afinidade, carinho e companheirismo que sustentam as hist\u00f3rias de amor. &nbsp; Ao longo de nossa exist\u00eancia, mitos e lendas foram criados em [&hellip;]<\/p>\n","protected":false},"author":6,"featured_media":0,"comment_status":"open","ping_status":"closed","sticky":false,"template":"","format":"standard","meta":{"_joinchat":[],"footnotes":""},"categories":[1],"tags":[],"class_list":["post-82416","post","type-post","status-publish","format-standard","hentry","category-sem-categoria"],"_links":{"self":[{"href":"https:\/\/folhadosudeste.com\/site\/index.php?rest_route=\/wp\/v2\/posts\/82416","targetHints":{"allow":["GET"]}}],"collection":[{"href":"https:\/\/folhadosudeste.com\/site\/index.php?rest_route=\/wp\/v2\/posts"}],"about":[{"href":"https:\/\/folhadosudeste.com\/site\/index.php?rest_route=\/wp\/v2\/types\/post"}],"author":[{"embeddable":true,"href":"https:\/\/folhadosudeste.com\/site\/index.php?rest_route=\/wp\/v2\/users\/6"}],"replies":[{"embeddable":true,"href":"https:\/\/folhadosudeste.com\/site\/index.php?rest_route=%2Fwp%2Fv2%2Fcomments&post=82416"}],"version-history":[{"count":1,"href":"https:\/\/folhadosudeste.com\/site\/index.php?rest_route=\/wp\/v2\/posts\/82416\/revisions"}],"predecessor-version":[{"id":82418,"href":"https:\/\/folhadosudeste.com\/site\/index.php?rest_route=\/wp\/v2\/posts\/82416\/revisions\/82418"}],"wp:attachment":[{"href":"https:\/\/folhadosudeste.com\/site\/index.php?rest_route=%2Fwp%2Fv2%2Fmedia&parent=82416"}],"wp:term":[{"taxonomy":"category","embeddable":true,"href":"https:\/\/folhadosudeste.com\/site\/index.php?rest_route=%2Fwp%2Fv2%2Fcategories&post=82416"},{"taxonomy":"post_tag","embeddable":true,"href":"https:\/\/folhadosudeste.com\/site\/index.php?rest_route=%2Fwp%2Fv2%2Ftags&post=82416"}],"curies":[{"name":"wp","href":"https:\/\/api.w.org\/{rel}","templated":true}]}}