{"id":82431,"date":"2022-06-13T18:01:48","date_gmt":"2022-06-13T18:01:48","guid":{"rendered":"http:\/\/folhadosudeste.com\/site\/?p=82431"},"modified":"2022-06-13T18:01:48","modified_gmt":"2022-06-13T18:01:48","slug":"livro-uma-reflexao-por-dia-sera-lancado-nesta-terca-feira-14","status":"publish","type":"post","link":"https:\/\/folhadosudeste.com\/site\/?p=82431","title":{"rendered":"Livro \u2018Uma reflex\u00e3o por dia\u2019 ser\u00e1 lan\u00e7ado nesta ter\u00e7a-feira (14)"},"content":{"rendered":"<div id=\":1ch\" class=\"ii gt\">\n<div id=\":1cg\" class=\"a3s aiL \">\n<div dir=\"ltr\">\n<p style=\"text-align: justify;\"><a href=\"http:\/\/folhadosudeste.com\/site\/wp-content\/uploads\/2022\/06\/Capa-livro-Hermes-Luppi-1.jpg\"><img loading=\"lazy\" decoding=\"async\" class=\"alignnone size-full wp-image-82432\" src=\"http:\/\/folhadosudeste.com\/site\/wp-content\/uploads\/2022\/06\/Capa-livro-Hermes-Luppi-1.jpg\" alt=\"\" width=\"1228\" height=\"2048\" srcset=\"https:\/\/folhadosudeste.com\/site\/wp-content\/uploads\/2022\/06\/Capa-livro-Hermes-Luppi-1.jpg 1228w, https:\/\/folhadosudeste.com\/site\/wp-content\/uploads\/2022\/06\/Capa-livro-Hermes-Luppi-1-180x300.jpg 180w, https:\/\/folhadosudeste.com\/site\/wp-content\/uploads\/2022\/06\/Capa-livro-Hermes-Luppi-1-768x1280.jpg 768w, https:\/\/folhadosudeste.com\/site\/wp-content\/uploads\/2022\/06\/Capa-livro-Hermes-Luppi-1-614x1024.jpg 614w\" sizes=\"auto, (max-width: 1228px) 100vw, 1228px\" \/><\/a><\/p>\n<p style=\"text-align: justify;\">O livro \u2018Uma reflex\u00e3o por dia\u2019, de&nbsp;Ermes&nbsp;Luppi, ser\u00e1 lan\u00e7ado, nesta ter\u00e7a-feira (14), \u00e0s 17h30, no Teatro Zaccaria Marques. Incentivado pela Prefeitura de Muria\u00e9, por meio da Fundarte, o trabalho \u00e9 composto de 366 pensamentos, ora\u00e7\u00f5es, signos zodiacais, entre outros. A obra tem o objetivo de incentivar o desenvolvimento espiritual do leitor, oferecendo um pensamento diariamente para medita\u00e7\u00e3o.<\/p>\n<p style=\"text-align: justify;\" align=\"justify\">Ermes&nbsp;Luppi, explica que a capa do livro tem s\u00edmbolos do tar\u00f4 e o interior cont\u00e9m reflex\u00f5es sobre as leis divinas. \u201cDesejamos levar uma mensagem, uma orienta\u00e7\u00e3o para o cotidiano das pessoas. Organizei algumas linhas de racioc\u00ednio por meio de muito estudo e aquisi\u00e7\u00e3o de conhecimento. Convido a todos para o lan\u00e7amento e para uma boa leitura\u201d, declarou.<\/p>\n<\/div>\n<\/div>\n<\/div>\n<p style=\"text-align: justify;\"><!--more--><\/p>\n<p style=\"text-align: justify;\"><span style=\"font-family: Arial, sans-serif;\">O autor \u00e9&nbsp;<\/span><span style=\"font-family: Arial, sans-serif;\">n<\/span><span style=\"font-family: Arial, serif;\">ascido<\/span><span style=\"font-family: Arial, serif;\">&nbsp;<\/span><span style=\"font-family: Arial, serif;\">em<\/span><span style=\"font-family: Arial, serif;\">&nbsp;<\/span><span style=\"font-family: Arial, serif;\">Castelfranco<\/span><span style=\"font-family: Arial, serif;\">&nbsp;<\/span><span style=\"font-family: Arial, serif;\">Em<\/span><span style=\"font-family: Arial, serif;\">\u00ed<\/span><span style=\"font-family: Arial, serif;\">lia<\/span><span style=\"font-family: Arial, serif;\">&nbsp;<\/span><span style=\"font-family: Arial, serif;\">(It\u00e1lia<\/span><span style=\"font-family: Arial, serif;\">),<\/span><span style=\"font-family: Arial, serif;\">&nbsp;tem<\/span><span style=\"font-family: Arial, serif;\">&nbsp;nacionalidade brasileira,&nbsp;<\/span><span style=\"font-family: Arial, serif;\">com&nbsp;<\/span><span style=\"font-family: Arial, serif;\">doutorado em Ci\u00eancias Econ\u00f4micas&nbsp;<\/span><span style=\"font-family: Arial, serif;\">pela&nbsp;<\/span><span style=\"font-family: Arial, serif;\">Universidade Federal do Rio de Janeiro&nbsp;<\/span><span style=\"font-family: Arial, serif;\">(UFRJ).&nbsp;<\/span><span style=\"font-family: Arial, serif;\">C<\/span><span style=\"font-family: Arial, serif;\">urs<\/span><span style=\"font-family: Arial, serif;\">o<\/span><span style=\"font-family: Arial, serif;\">u<\/span><span style=\"font-family: Arial, serif;\">&nbsp;<\/span><span style=\"font-family: Arial, serif;\">Licen<\/span><span style=\"font-family: Arial, serif;\">cia<\/span><span style=\"font-family: Arial, serif;\">tura Plena em L\u00edngua Portuguesa e&nbsp;<\/span><span style=\"font-family: Arial, serif;\">I<\/span><span style=\"font-family: Arial, serif;\">nglesa&nbsp;<\/span><span style=\"font-family: Arial, serif;\">e&nbsp;<\/span><span style=\"font-family: Arial, serif;\">lecionou, por anos, a&nbsp;<\/span><span style=\"font-family: Arial, serif;\">disciplina<\/span><span style=\"font-family: Arial, serif;\">&nbsp;<\/span><span style=\"font-family: Arial, serif;\">de&nbsp;<\/span><span style=\"font-family: Arial, serif;\">i<\/span><span style=\"font-family: Arial, serif;\">ngl\u00eas<\/span><span style=\"font-family: Arial, serif;\">&nbsp;<\/span><span style=\"font-family: Arial, serif;\">nas escolas estaduais, assim como fez parte do quadro de funcion\u00e1rio da&nbsp;<\/span><span style=\"font-family: Arial, sans-serif;\">P<\/span><span style=\"font-family: Arial, sans-serif;\">refeitura&nbsp;<\/span><span style=\"font-family: Arial, sans-serif;\">de<\/span><span style=\"font-family: Arial, sans-serif;\">&nbsp;<\/span><span style=\"font-family: Arial, sans-serif;\">Mu<\/span><span style=\"font-family: Arial, sans-serif;\">ria\u00e9<\/span><span style=\"font-family: Arial, sans-serif;\">.<\/span><\/p>\n<p style=\"text-align: justify;\"><a href=\"http:\/\/folhadosudeste.com\/site\/wp-content\/uploads\/2022\/06\/ERmes-Luppi-foto-1.jpg\"><img loading=\"lazy\" decoding=\"async\" class=\"alignnone size-full wp-image-82433\" src=\"http:\/\/folhadosudeste.com\/site\/wp-content\/uploads\/2022\/06\/ERmes-Luppi-foto-1.jpg\" alt=\"\" width=\"1917\" height=\"2048\" srcset=\"https:\/\/folhadosudeste.com\/site\/wp-content\/uploads\/2022\/06\/ERmes-Luppi-foto-1.jpg 1917w, https:\/\/folhadosudeste.com\/site\/wp-content\/uploads\/2022\/06\/ERmes-Luppi-foto-1-281x300.jpg 281w, https:\/\/folhadosudeste.com\/site\/wp-content\/uploads\/2022\/06\/ERmes-Luppi-foto-1-768x821.jpg 768w, https:\/\/folhadosudeste.com\/site\/wp-content\/uploads\/2022\/06\/ERmes-Luppi-foto-1-958x1024.jpg 958w\" sizes=\"auto, (max-width: 1917px) 100vw, 1917px\" \/><\/a><\/p>\n<div id=\":1d2\" class=\"hq gt\" style=\"text-align: justify;\">&nbsp;<\/div>\n","protected":false},"excerpt":{"rendered":"<p>O livro \u2018Uma reflex\u00e3o por dia\u2019, de&nbsp;Ermes&nbsp;Luppi, ser\u00e1 lan\u00e7ado, nesta ter\u00e7a-feira (14), \u00e0s 17h30, no Teatro Zaccaria Marques. Incentivado pela Prefeitura de Muria\u00e9, por meio da Fundarte, o trabalho \u00e9 composto de 366 pensamentos, ora\u00e7\u00f5es, signos zodiacais, entre outros. A obra tem o objetivo de incentivar o desenvolvimento espiritual do leitor, oferecendo um pensamento diariamente [&hellip;]<\/p>\n","protected":false},"author":6,"featured_media":0,"comment_status":"open","ping_status":"closed","sticky":false,"template":"","format":"standard","meta":{"_joinchat":[],"footnotes":""},"categories":[1],"tags":[],"class_list":["post-82431","post","type-post","status-publish","format-standard","hentry","category-sem-categoria"],"_links":{"self":[{"href":"https:\/\/folhadosudeste.com\/site\/index.php?rest_route=\/wp\/v2\/posts\/82431","targetHints":{"allow":["GET"]}}],"collection":[{"href":"https:\/\/folhadosudeste.com\/site\/index.php?rest_route=\/wp\/v2\/posts"}],"about":[{"href":"https:\/\/folhadosudeste.com\/site\/index.php?rest_route=\/wp\/v2\/types\/post"}],"author":[{"embeddable":true,"href":"https:\/\/folhadosudeste.com\/site\/index.php?rest_route=\/wp\/v2\/users\/6"}],"replies":[{"embeddable":true,"href":"https:\/\/folhadosudeste.com\/site\/index.php?rest_route=%2Fwp%2Fv2%2Fcomments&post=82431"}],"version-history":[{"count":1,"href":"https:\/\/folhadosudeste.com\/site\/index.php?rest_route=\/wp\/v2\/posts\/82431\/revisions"}],"predecessor-version":[{"id":82434,"href":"https:\/\/folhadosudeste.com\/site\/index.php?rest_route=\/wp\/v2\/posts\/82431\/revisions\/82434"}],"wp:attachment":[{"href":"https:\/\/folhadosudeste.com\/site\/index.php?rest_route=%2Fwp%2Fv2%2Fmedia&parent=82431"}],"wp:term":[{"taxonomy":"category","embeddable":true,"href":"https:\/\/folhadosudeste.com\/site\/index.php?rest_route=%2Fwp%2Fv2%2Fcategories&post=82431"},{"taxonomy":"post_tag","embeddable":true,"href":"https:\/\/folhadosudeste.com\/site\/index.php?rest_route=%2Fwp%2Fv2%2Ftags&post=82431"}],"curies":[{"name":"wp","href":"https:\/\/api.w.org\/{rel}","templated":true}]}}