{"id":82585,"date":"2022-06-15T21:37:39","date_gmt":"2022-06-15T21:37:39","guid":{"rendered":"http:\/\/folhadosudeste.com\/site\/?p=82585"},"modified":"2022-06-15T21:37:39","modified_gmt":"2022-06-15T21:37:39","slug":"estudantes-terao-direito-a-teste-de-acuidade-visual-e-auditiva-em-muriae","status":"publish","type":"post","link":"https:\/\/folhadosudeste.com\/site\/?p=82585","title":{"rendered":"Estudantes ter\u00e3o direito a teste de acuidade visual e auditiva em Muria\u00e9"},"content":{"rendered":"<p><a href=\"http:\/\/folhadosudeste.com\/site\/wp-content\/uploads\/2022\/06\/07.jpg\"><img loading=\"lazy\" decoding=\"async\" class=\"alignnone size-full wp-image-82586\" src=\"http:\/\/folhadosudeste.com\/site\/wp-content\/uploads\/2022\/06\/07.jpg\" alt=\"\" width=\"900\" height=\"601\" srcset=\"https:\/\/folhadosudeste.com\/site\/wp-content\/uploads\/2022\/06\/07.jpg 900w, https:\/\/folhadosudeste.com\/site\/wp-content\/uploads\/2022\/06\/07-300x200.jpg 300w, https:\/\/folhadosudeste.com\/site\/wp-content\/uploads\/2022\/06\/07-768x513.jpg 768w, https:\/\/folhadosudeste.com\/site\/wp-content\/uploads\/2022\/06\/07-120x80.jpg 120w, https:\/\/folhadosudeste.com\/site\/wp-content\/uploads\/2022\/06\/07-345x230.jpg 345w\" sizes=\"auto, (max-width: 900px) 100vw, 900px\" \/><\/a><\/p>\n<p style=\"font-weight: 400; text-align: justify;\">A maioria dos vereadores derrubaram o Veto do Executivo ao Projeto&nbsp;que disp\u00f5e&nbsp;sobre a obrigatoriedade de aplica\u00e7\u00e3o de testes de acuidade visual e auditiva nos alunos do ensino fundamental da Rede Municipal de Ensino.&nbsp;&nbsp;Ap\u00f3s a semana de Luto Oficial pelo falecimento do prefeito Jos\u00e9 Braz, a C\u00e2mara de Muria\u00e9 retomou suas sess\u00f5es ordin\u00e1rias esta semana. Al\u00e9m da derrubada do Veto colocado em vota\u00e7\u00e3o pelo presidente Ciso (PL), outros cinco projetos foram discutidos e aprovados, dentre eles, o que institui o Programa Mulher Livre, com objetivo de promover medidas de qualifica\u00e7\u00e3o profissional as mulheres em situa\u00e7\u00e3o de viol\u00eancia dom\u00e9stica e familiar. A sess\u00e3o contou tamb\u00e9m com entrega de Mo\u00e7\u00e3o de Congratula\u00e7\u00f5es e Aplausos ao ex-vereador e m\u00e9dico Dr. Jos\u00e9 Carlos.<\/p>\n<p style=\"font-weight: 400; text-align: justify;\"><strong>Muria\u00e9 ter\u00e1 testes de acuidade visual e auditiva na rede municipal de ensino<\/strong><\/p>\n<p style=\"font-weight: 400; text-align: justify;\">Foi apreciado e votado o veto do Executivo ao Projeto de Lei 266\/2021, de autoria do vereador Anderson<strong>&nbsp;<\/strong>(PSD),<strong>&nbsp;<\/strong>que disp\u00f5e&nbsp;sobre a obrigatoriedade de aplica\u00e7\u00e3o de testes de acuidade visual e auditiva nos alunos do ensino fundamental da Rede Municipal.&nbsp;A justificativa do Executivo para vetar o projeto \u00e9 de que ele gera aumento de despesa e esbarra&nbsp;na inger\u00eancia na estrutura organizacional do Munic\u00edpio em disponibilizar m\u00e9dicos para atendimento nas escolas. O veto foi apreciado e a maioria dos vereadores decidiram por derrubar o veto, conforme o parecer da Comiss\u00e3o Especial e o entendimento de cada legislador, levando o projeto \u00e0 san\u00e7\u00e3o.<\/p>\n<p style=\"font-weight: 400; text-align: justify;\">Segundo o projeto, os alunos que apresentarem dificuldade e defici\u00eancia visual ou auditiva que resultarem em dificuldades de aprendizagem em virtude destes problemas ser\u00e3o submetidos a exames gerais e completos com oftalmologista ou otorrinolaringologista, respectivamente, facultando a realiza\u00e7\u00e3o destes exames por meio de atendimento do SUS ou por conv\u00eanio entre o Poder Executivo e Institui\u00e7\u00f5es de Sa\u00fade e Cl\u00ednicas M\u00e9dicas, com as especialidades necess\u00e1rias aos testes de acuidade visual e auditiva.<\/p>\n<p style=\"font-weight: 400; text-align: justify;\"><!--more--><\/p>\n<p style=\"font-weight: 400; text-align: justify;\">Para o autor, vereador Anderson, \u201c\u00e9 de conhecimento de pais, educadores e institui\u00e7\u00f5es de ensino e pesquisa, como tamb\u00e9m da \u00e1rea de Sa\u00fade P\u00fablica e cidad\u00e3os em geral, que um dos v\u00e1rios fatores de evas\u00e3o escolar \u00e9 a defici\u00eancia e\/ou dificuldade de vis\u00e3o e audi\u00e7\u00e3o das crian\u00e7as (estudante) na fase inicial escolar; sen\u00e3o evas\u00e3o, obst\u00e1culo \u00e0 aprendizagem\u201d. Diante desta constata\u00e7\u00e3o, o vereador defende que este projeto tornando-se Lei e o seu cumprimento \u201cvai ao encontro de demandas de cidad\u00e3os do nosso munic\u00edpio, de uma necessidade priorit\u00e1ria de nossas crian\u00e7as\u201d, al\u00e9m de ser uma meta a ser atingida no Plano Decenal Municipal de Educa\u00e7\u00e3o \u2013 PDME \u2013 de Muria\u00e9.<\/p>\n<p><a href=\"http:\/\/folhadosudeste.com\/site\/wp-content\/uploads\/2022\/06\/02-1.jpg\"><img loading=\"lazy\" decoding=\"async\" class=\"alignnone size-full wp-image-82587\" src=\"http:\/\/folhadosudeste.com\/site\/wp-content\/uploads\/2022\/06\/02-1.jpg\" alt=\"\" width=\"900\" height=\"601\" srcset=\"https:\/\/folhadosudeste.com\/site\/wp-content\/uploads\/2022\/06\/02-1.jpg 900w, https:\/\/folhadosudeste.com\/site\/wp-content\/uploads\/2022\/06\/02-1-300x200.jpg 300w, https:\/\/folhadosudeste.com\/site\/wp-content\/uploads\/2022\/06\/02-1-768x513.jpg 768w, https:\/\/folhadosudeste.com\/site\/wp-content\/uploads\/2022\/06\/02-1-120x80.jpg 120w, https:\/\/folhadosudeste.com\/site\/wp-content\/uploads\/2022\/06\/02-1-345x230.jpg 345w\" sizes=\"auto, (max-width: 900px) 100vw, 900px\" \/><\/a> <a href=\"http:\/\/folhadosudeste.com\/site\/wp-content\/uploads\/2022\/06\/01-1.jpg\"><img loading=\"lazy\" decoding=\"async\" class=\"alignnone size-full wp-image-82588\" src=\"http:\/\/folhadosudeste.com\/site\/wp-content\/uploads\/2022\/06\/01-1.jpg\" alt=\"\" width=\"900\" height=\"601\" srcset=\"https:\/\/folhadosudeste.com\/site\/wp-content\/uploads\/2022\/06\/01-1.jpg 900w, https:\/\/folhadosudeste.com\/site\/wp-content\/uploads\/2022\/06\/01-1-300x200.jpg 300w, https:\/\/folhadosudeste.com\/site\/wp-content\/uploads\/2022\/06\/01-1-768x513.jpg 768w, https:\/\/folhadosudeste.com\/site\/wp-content\/uploads\/2022\/06\/01-1-120x80.jpg 120w, https:\/\/folhadosudeste.com\/site\/wp-content\/uploads\/2022\/06\/01-1-345x230.jpg 345w\" sizes=\"auto, (max-width: 900px) 100vw, 900px\" \/><\/a> <a href=\"http:\/\/folhadosudeste.com\/site\/wp-content\/uploads\/2022\/06\/08.jpg\"><img loading=\"lazy\" decoding=\"async\" class=\"alignnone size-full wp-image-82589\" src=\"http:\/\/folhadosudeste.com\/site\/wp-content\/uploads\/2022\/06\/08.jpg\" alt=\"\" width=\"900\" height=\"601\" srcset=\"https:\/\/folhadosudeste.com\/site\/wp-content\/uploads\/2022\/06\/08.jpg 900w, https:\/\/folhadosudeste.com\/site\/wp-content\/uploads\/2022\/06\/08-300x200.jpg 300w, https:\/\/folhadosudeste.com\/site\/wp-content\/uploads\/2022\/06\/08-768x513.jpg 768w, https:\/\/folhadosudeste.com\/site\/wp-content\/uploads\/2022\/06\/08-120x80.jpg 120w, https:\/\/folhadosudeste.com\/site\/wp-content\/uploads\/2022\/06\/08-345x230.jpg 345w\" sizes=\"auto, (max-width: 900px) 100vw, 900px\" \/><\/a> <a href=\"http:\/\/folhadosudeste.com\/site\/wp-content\/uploads\/2022\/06\/03-1.jpg\"><img loading=\"lazy\" decoding=\"async\" class=\"alignnone size-full wp-image-82590\" src=\"http:\/\/folhadosudeste.com\/site\/wp-content\/uploads\/2022\/06\/03-1.jpg\" alt=\"\" width=\"900\" height=\"601\" srcset=\"https:\/\/folhadosudeste.com\/site\/wp-content\/uploads\/2022\/06\/03-1.jpg 900w, https:\/\/folhadosudeste.com\/site\/wp-content\/uploads\/2022\/06\/03-1-300x200.jpg 300w, https:\/\/folhadosudeste.com\/site\/wp-content\/uploads\/2022\/06\/03-1-768x513.jpg 768w, https:\/\/folhadosudeste.com\/site\/wp-content\/uploads\/2022\/06\/03-1-120x80.jpg 120w, https:\/\/folhadosudeste.com\/site\/wp-content\/uploads\/2022\/06\/03-1-345x230.jpg 345w\" sizes=\"auto, (max-width: 900px) 100vw, 900px\" \/><\/a> <a href=\"http:\/\/folhadosudeste.com\/site\/wp-content\/uploads\/2022\/06\/04-1.jpg\"><img loading=\"lazy\" decoding=\"async\" class=\"alignnone size-full wp-image-82591\" src=\"http:\/\/folhadosudeste.com\/site\/wp-content\/uploads\/2022\/06\/04-1.jpg\" alt=\"\" width=\"900\" height=\"601\" srcset=\"https:\/\/folhadosudeste.com\/site\/wp-content\/uploads\/2022\/06\/04-1.jpg 900w, https:\/\/folhadosudeste.com\/site\/wp-content\/uploads\/2022\/06\/04-1-300x200.jpg 300w, https:\/\/folhadosudeste.com\/site\/wp-content\/uploads\/2022\/06\/04-1-768x513.jpg 768w, https:\/\/folhadosudeste.com\/site\/wp-content\/uploads\/2022\/06\/04-1-120x80.jpg 120w, https:\/\/folhadosudeste.com\/site\/wp-content\/uploads\/2022\/06\/04-1-345x230.jpg 345w\" sizes=\"auto, (max-width: 900px) 100vw, 900px\" \/><\/a> <a href=\"http:\/\/folhadosudeste.com\/site\/wp-content\/uploads\/2022\/06\/05.jpg\"><img loading=\"lazy\" decoding=\"async\" class=\"alignnone size-full wp-image-82592\" src=\"http:\/\/folhadosudeste.com\/site\/wp-content\/uploads\/2022\/06\/05.jpg\" alt=\"\" width=\"900\" height=\"601\" srcset=\"https:\/\/folhadosudeste.com\/site\/wp-content\/uploads\/2022\/06\/05.jpg 900w, https:\/\/folhadosudeste.com\/site\/wp-content\/uploads\/2022\/06\/05-300x200.jpg 300w, https:\/\/folhadosudeste.com\/site\/wp-content\/uploads\/2022\/06\/05-768x513.jpg 768w, https:\/\/folhadosudeste.com\/site\/wp-content\/uploads\/2022\/06\/05-120x80.jpg 120w, https:\/\/folhadosudeste.com\/site\/wp-content\/uploads\/2022\/06\/05-345x230.jpg 345w\" sizes=\"auto, (max-width: 900px) 100vw, 900px\" \/><\/a><\/p>\n<p style=\"font-weight: 400; text-align: justify;\">&nbsp;<\/p>\n","protected":false},"excerpt":{"rendered":"<p>A maioria dos vereadores derrubaram o Veto do Executivo ao Projeto&nbsp;que disp\u00f5e&nbsp;sobre a obrigatoriedade de aplica\u00e7\u00e3o de testes de acuidade visual e auditiva nos alunos do ensino fundamental da Rede Municipal de Ensino.&nbsp;&nbsp;Ap\u00f3s a semana de Luto Oficial pelo falecimento do prefeito Jos\u00e9 Braz, a C\u00e2mara de Muria\u00e9 retomou suas sess\u00f5es ordin\u00e1rias esta semana. Al\u00e9m [&hellip;]<\/p>\n","protected":false},"author":6,"featured_media":0,"comment_status":"open","ping_status":"closed","sticky":false,"template":"","format":"standard","meta":{"_joinchat":[],"footnotes":""},"categories":[1],"tags":[],"class_list":["post-82585","post","type-post","status-publish","format-standard","hentry","category-sem-categoria"],"_links":{"self":[{"href":"https:\/\/folhadosudeste.com\/site\/index.php?rest_route=\/wp\/v2\/posts\/82585","targetHints":{"allow":["GET"]}}],"collection":[{"href":"https:\/\/folhadosudeste.com\/site\/index.php?rest_route=\/wp\/v2\/posts"}],"about":[{"href":"https:\/\/folhadosudeste.com\/site\/index.php?rest_route=\/wp\/v2\/types\/post"}],"author":[{"embeddable":true,"href":"https:\/\/folhadosudeste.com\/site\/index.php?rest_route=\/wp\/v2\/users\/6"}],"replies":[{"embeddable":true,"href":"https:\/\/folhadosudeste.com\/site\/index.php?rest_route=%2Fwp%2Fv2%2Fcomments&post=82585"}],"version-history":[{"count":1,"href":"https:\/\/folhadosudeste.com\/site\/index.php?rest_route=\/wp\/v2\/posts\/82585\/revisions"}],"predecessor-version":[{"id":82593,"href":"https:\/\/folhadosudeste.com\/site\/index.php?rest_route=\/wp\/v2\/posts\/82585\/revisions\/82593"}],"wp:attachment":[{"href":"https:\/\/folhadosudeste.com\/site\/index.php?rest_route=%2Fwp%2Fv2%2Fmedia&parent=82585"}],"wp:term":[{"taxonomy":"category","embeddable":true,"href":"https:\/\/folhadosudeste.com\/site\/index.php?rest_route=%2Fwp%2Fv2%2Fcategories&post=82585"},{"taxonomy":"post_tag","embeddable":true,"href":"https:\/\/folhadosudeste.com\/site\/index.php?rest_route=%2Fwp%2Fv2%2Ftags&post=82585"}],"curies":[{"name":"wp","href":"https:\/\/api.w.org\/{rel}","templated":true}]}}