{"id":82596,"date":"2022-06-17T14:11:51","date_gmt":"2022-06-17T14:11:51","guid":{"rendered":"http:\/\/folhadosudeste.com\/site\/?p=82596"},"modified":"2022-06-18T02:20:27","modified_gmt":"2022-06-18T02:20:27","slug":"crime-barbaro-do-santa-laura-e-desvendado","status":"publish","type":"post","link":"https:\/\/folhadosudeste.com\/site\/?p=82596","title":{"rendered":"Crime b\u00e1rbaro  do Santa Laura \u00e9 desvendado"},"content":{"rendered":"<p><a href=\"http:\/\/folhadosudeste.com\/site\/wp-content\/uploads\/2022\/06\/DSC02550_707x530-707x405.jpg\"><img loading=\"lazy\" decoding=\"async\" class=\"alignnone size-full wp-image-82597\" src=\"http:\/\/folhadosudeste.com\/site\/wp-content\/uploads\/2022\/06\/DSC02550_707x530-707x405.jpg\" alt=\"\" width=\"707\" height=\"405\" srcset=\"https:\/\/folhadosudeste.com\/site\/wp-content\/uploads\/2022\/06\/DSC02550_707x530-707x405.jpg 707w, https:\/\/folhadosudeste.com\/site\/wp-content\/uploads\/2022\/06\/DSC02550_707x530-707x405-300x172.jpg 300w\" sizes=\"auto, (max-width: 707px) 100vw, 707px\" \/><\/a><\/p>\n<p style=\"text-align: justify;\">A Pol\u00edcia Civil de Muria\u00e9, atrav\u00e9s da Delegacia de Homic\u00eddios e a Prote\u00e7\u00e3o a Pessoa(DHPP) anunciou na manh\u00e3 desta quarta-feira (15), que fez a pris\u00e3o de dois investigados suspeitos de participa\u00e7\u00e3o no homic\u00eddio brutal ocorrido no bairro Santa Laura, ocorrido no dia 24 de abril.<\/p>\n<p style=\"text-align: justify;\">\u201cDurante as investiga\u00e7\u00f5es verificou-se que a dupla simulou a participa\u00e7\u00e3o de um furto em que a v\u00edtima iria participar, para atrai-lo para o local. Os agentes conseguiram identificar o exato momento em que a v\u00edtima entra no ve\u00edculo dos suspeitos e posteriormente acessam o bairro Santa Laura.<\/p>\n<p style=\"text-align: justify;\">A motiva\u00e7\u00e3o estaria ligada ao fato de uma suposta amea\u00e7a do adolescente para uma mulher. Os autores s\u00e3o pai e marido dessa mulher. Os investigados filmaram toda a a\u00e7\u00e3o delituosa, a Pol\u00edcia Civil conseguiu obter essa filmagem. Os investigados est\u00e3o a disposi\u00e7\u00e3o da Justi\u00e7a e a investiga\u00e7\u00e3o ser\u00e1 conclu\u00edda nos pr\u00f3ximos 60 dias\u201d,&nbsp;<strong>informa a Pol\u00edcia Civil.<\/strong><\/p>\n<p style=\"text-align: justify;\"><strong>O QUE ACONTECEU NA OCASI\u00c3O:<\/strong>&nbsp;\u201cA Pol\u00edcia Militar de Muria\u00e9 foi acionada pouco depois das 7 horas da manh\u00e3 deste domingo (24), para comparecer no bairro Santa Laura, onde havia um corpo no meio de uma das vias, em uma \u00e1rea desabitada. V\u00e1rios militares foram para o local imediatamente, inclusive o coordenador do turno, Tenente Benevides. Tamb\u00e9m se deslocaram para o local do crime o Corpo de Bombeiros e o SAMU.&nbsp;<strong>A v\u00edtima foi identificada como Gabriel Silva Alves, 17 anos de idade, morador do bairro Encoberta.<\/strong><\/p>\n<p><!--more--><\/p>\n<p style=\"text-align: justify;\">No local as autoridades constataram que se tratava de um assassinato brutal de um jovem de 17 anos de idade, que estava com cortes nos pulsos, pesco\u00e7o, cabe\u00e7a e ainda v\u00edtima de pedrada na cabe\u00e7a, sendo que os autores utilizaram um grande bloco de concreto. Foi encontrado tamb\u00e9m no entorno do corpo, um bon\u00e9 encharcado de sangue, um par de chinelo e um anel com iniciais SK. Havia marcas de sangue em dois pontos pr\u00f3ximos (a beira do meio-fio e no meio da via junto ao corpo)..<\/p>\n<p style=\"text-align: justify;\">O delegado de Homic\u00eddios de Muria\u00e9, Glaydson de Souza esteve no local e iniciou as investiga\u00e7\u00f5es e a Per\u00edcia T\u00e9cnica da Pol\u00edcia Civil, atrav\u00e9s do perito, Cristiano Madureira, realizou um trabalho minucioso no local do crime, recolheu materiais e em seguida liberou o corpo para o IML de Muria\u00e9\u201d.<\/p>\n<p>Fonte: Silvan Alves&nbsp;<a href=\"http:\/\/folhadosudeste.com\/site\/wp-content\/uploads\/2022\/06\/DSC02584_707x530.jpg\"><img loading=\"lazy\" decoding=\"async\" class=\"alignnone size-full wp-image-82603\" src=\"http:\/\/folhadosudeste.com\/site\/wp-content\/uploads\/2022\/06\/DSC02584_707x530.jpg\" alt=\"\" width=\"707\" height=\"530\" srcset=\"https:\/\/folhadosudeste.com\/site\/wp-content\/uploads\/2022\/06\/DSC02584_707x530.jpg 707w, https:\/\/folhadosudeste.com\/site\/wp-content\/uploads\/2022\/06\/DSC02584_707x530-300x225.jpg 300w\" sizes=\"auto, (max-width: 707px) 100vw, 707px\" \/><\/a> <a href=\"http:\/\/folhadosudeste.com\/site\/wp-content\/uploads\/2022\/06\/DSC02588_707x530.jpg\"><img loading=\"lazy\" decoding=\"async\" class=\"alignnone size-full wp-image-82604\" src=\"http:\/\/folhadosudeste.com\/site\/wp-content\/uploads\/2022\/06\/DSC02588_707x530.jpg\" alt=\"\" width=\"707\" height=\"530\" srcset=\"https:\/\/folhadosudeste.com\/site\/wp-content\/uploads\/2022\/06\/DSC02588_707x530.jpg 707w, https:\/\/folhadosudeste.com\/site\/wp-content\/uploads\/2022\/06\/DSC02588_707x530-300x225.jpg 300w\" sizes=\"auto, (max-width: 707px) 100vw, 707px\" \/><\/a><\/p>\n","protected":false},"excerpt":{"rendered":"<p>A Pol\u00edcia Civil de Muria\u00e9, atrav\u00e9s da Delegacia de Homic\u00eddios e a Prote\u00e7\u00e3o a Pessoa(DHPP) anunciou na manh\u00e3 desta quarta-feira (15), que fez a pris\u00e3o de dois investigados suspeitos de participa\u00e7\u00e3o no homic\u00eddio brutal ocorrido no bairro Santa Laura, ocorrido no dia 24 de abril. \u201cDurante as investiga\u00e7\u00f5es verificou-se que a dupla simulou a participa\u00e7\u00e3o [&hellip;]<\/p>\n","protected":false},"author":6,"featured_media":0,"comment_status":"open","ping_status":"closed","sticky":false,"template":"","format":"standard","meta":{"_joinchat":[],"footnotes":""},"categories":[1],"tags":[],"class_list":["post-82596","post","type-post","status-publish","format-standard","hentry","category-sem-categoria"],"_links":{"self":[{"href":"https:\/\/folhadosudeste.com\/site\/index.php?rest_route=\/wp\/v2\/posts\/82596","targetHints":{"allow":["GET"]}}],"collection":[{"href":"https:\/\/folhadosudeste.com\/site\/index.php?rest_route=\/wp\/v2\/posts"}],"about":[{"href":"https:\/\/folhadosudeste.com\/site\/index.php?rest_route=\/wp\/v2\/types\/post"}],"author":[{"embeddable":true,"href":"https:\/\/folhadosudeste.com\/site\/index.php?rest_route=\/wp\/v2\/users\/6"}],"replies":[{"embeddable":true,"href":"https:\/\/folhadosudeste.com\/site\/index.php?rest_route=%2Fwp%2Fv2%2Fcomments&post=82596"}],"version-history":[{"count":4,"href":"https:\/\/folhadosudeste.com\/site\/index.php?rest_route=\/wp\/v2\/posts\/82596\/revisions"}],"predecessor-version":[{"id":82610,"href":"https:\/\/folhadosudeste.com\/site\/index.php?rest_route=\/wp\/v2\/posts\/82596\/revisions\/82610"}],"wp:attachment":[{"href":"https:\/\/folhadosudeste.com\/site\/index.php?rest_route=%2Fwp%2Fv2%2Fmedia&parent=82596"}],"wp:term":[{"taxonomy":"category","embeddable":true,"href":"https:\/\/folhadosudeste.com\/site\/index.php?rest_route=%2Fwp%2Fv2%2Fcategories&post=82596"},{"taxonomy":"post_tag","embeddable":true,"href":"https:\/\/folhadosudeste.com\/site\/index.php?rest_route=%2Fwp%2Fv2%2Ftags&post=82596"}],"curies":[{"name":"wp","href":"https:\/\/api.w.org\/{rel}","templated":true}]}}