{"id":82636,"date":"2022-06-18T04:12:19","date_gmt":"2022-06-18T04:12:19","guid":{"rendered":"http:\/\/folhadosudeste.com\/site\/?p=82636"},"modified":"2022-06-18T04:14:25","modified_gmt":"2022-06-18T04:14:25","slug":"o-projeto-ciranda-cultural-realizou-um-passeio-cultural-por-muriae","status":"publish","type":"post","link":"https:\/\/folhadosudeste.com\/site\/?p=82636","title":{"rendered":"O Projeto Ciranda Cultural realizou um passeio cultural por Muria\u00e9"},"content":{"rendered":"<p><a href=\"http:\/\/folhadosudeste.com\/site\/wp-content\/uploads\/2022\/06\/2F7FA970-AB24-4985-9024-8DC9412F4EE8.jpeg\"><img loading=\"lazy\" decoding=\"async\" class=\"alignnone size-full wp-image-82637\" src=\"http:\/\/folhadosudeste.com\/site\/wp-content\/uploads\/2022\/06\/2F7FA970-AB24-4985-9024-8DC9412F4EE8.jpeg\" alt=\"\" width=\"1280\" height=\"847\" srcset=\"https:\/\/folhadosudeste.com\/site\/wp-content\/uploads\/2022\/06\/2F7FA970-AB24-4985-9024-8DC9412F4EE8.jpeg 1280w, https:\/\/folhadosudeste.com\/site\/wp-content\/uploads\/2022\/06\/2F7FA970-AB24-4985-9024-8DC9412F4EE8-300x199.jpeg 300w, https:\/\/folhadosudeste.com\/site\/wp-content\/uploads\/2022\/06\/2F7FA970-AB24-4985-9024-8DC9412F4EE8-768x508.jpeg 768w, https:\/\/folhadosudeste.com\/site\/wp-content\/uploads\/2022\/06\/2F7FA970-AB24-4985-9024-8DC9412F4EE8-1024x678.jpeg 1024w, https:\/\/folhadosudeste.com\/site\/wp-content\/uploads\/2022\/06\/2F7FA970-AB24-4985-9024-8DC9412F4EE8-120x80.jpeg 120w, https:\/\/folhadosudeste.com\/site\/wp-content\/uploads\/2022\/06\/2F7FA970-AB24-4985-9024-8DC9412F4EE8-590x390.jpeg 590w\" sizes=\"auto, (max-width: 1280px) 100vw, 1280px\" \/><\/a><\/p>\n<p style=\"text-align: justify;\">O Projeto Ciranda Cultural realizou, no \u00faltimo s\u00e1bado, 11 de junho, um passeio cultural por Muria\u00e9, no qual seus participantes, jovens artistas e produtores culturais da regi\u00e3o, puderam visitar a exposi\u00e7\u00e3o em cartaz no Grande Hotel Muriah\u00e9, o Teatro Municipal Belmira Vilas Boas e o Complexo Tur\u00edstico do Cristo Redentor. Tendo Muria\u00e9 como p\u00f3lo de a\u00e7\u00e3o, esta edi\u00e7\u00e3o do projeto tem a participa\u00e7\u00e3o dos munic\u00edpios de Itamarati de Minas, Mira\u00ed, Ros\u00e1rio da Limeira e S\u00e3o Sebasti\u00e3o da Vargem Alegre, com o patroc\u00ednio da CBA e do Instituto Votorantim, atrav\u00e9s da Lei Federal de Incentivo \u00e0 Cultura. Sob a coordena\u00e7\u00e3o geral de Gilca Napier, o projeto assumiu um formato h\u00edbrido, com atividades de forma\u00e7\u00e3o on-line e presenciais, al\u00e9m da promo\u00e7\u00e3o do Edital de Premia\u00e7\u00e3o Ciranda Cidades 2022.<\/p>\n<p style=\"text-align: justify;\">Ainda neste m\u00eas, vai ao ar o Festival Ciranda Cidades, com a exibi\u00e7\u00e3o de v\u00eddeos in\u00e9ditos pelo YouTube. S\u00e3o mais de 25 produ\u00e7\u00f5es audiovisuais nas \u00e1reas da m\u00fasica, artes visuais, patrim\u00f4nio hist\u00f3rico e cultura popular, fotografia, gastronomia, entre outras, produzidas junto aos premiados no edital, que ficar\u00e3o dispon\u00edveis gratuitamente para acesso do grande p\u00fablico. De acordo com Gilca Napier, proponente do projeto, \u201ca terceira edi\u00e7\u00e3o do Ciranda Cultural foi um sucesso, atingindo novos territ\u00f3rios, outros p\u00fablicos, colocando em cena jovens talentos e dando destaque \u00e0s trajet\u00f3rias de grandes produtores culturais de nossa regi\u00e3o\u201d.<\/p>\n<p><!--more--><\/p>\n<p style=\"text-align: justify;\">Tamb\u00e9m coordenadores da equipe est\u00e3o Fernando Paix\u00e3o Duarte e Alessandra Sexto Bernardes. Al\u00e9m do apoio das prefeituras e departamentos de educa\u00e7\u00e3o e cultura dos munic\u00edpios participantes desta edi\u00e7\u00e3o o projeto Ciranda Cultural tamb\u00e9m teve o apoio da Prefeitura Municipal de Muria\u00e9 e da Funda\u00e7\u00e3o de Cultura e Artes de Muria\u00e9 \u2013 FUNDARTE, da Energisa, do Polo de Audiovisual da Zona da Mata, da F\u00e1brica do Futuro e da Funda\u00e7\u00e3o Ormeo Junqueira Botelho. Na equipe, o arte-educador Elielson Rodrigues; os produtores de audiovisual Adilio Silva e Evandro Silva; o monitor Alex Marinho; no design e comunica\u00e7\u00e3o, Carolina Campos e, como produtores locais, Ana Carolina Dias, de Itamarati de Minas; Robert Kennedy Valverde, de S\u00e3o Sebasti\u00e3o da Vargem Alegre; Cristiane Silva e Maria Izabel Magalh\u00e3es, de Mira\u00ed; Rita de C\u00e1ssia Montezano, de Ros\u00e1rio da Limeira.<\/p>\n<p class=\"s4\"><a href=\"http:\/\/folhadosudeste.com\/site\/wp-content\/uploads\/2022\/06\/44566D37-FD57-43DC-BC96-256188B6D5A5.jpeg\"><img loading=\"lazy\" decoding=\"async\" class=\"alignnone size-full wp-image-82641\" src=\"http:\/\/folhadosudeste.com\/site\/wp-content\/uploads\/2022\/06\/44566D37-FD57-43DC-BC96-256188B6D5A5.jpeg\" alt=\"\" width=\"1152\" height=\"864\" srcset=\"https:\/\/folhadosudeste.com\/site\/wp-content\/uploads\/2022\/06\/44566D37-FD57-43DC-BC96-256188B6D5A5.jpeg 1152w, https:\/\/folhadosudeste.com\/site\/wp-content\/uploads\/2022\/06\/44566D37-FD57-43DC-BC96-256188B6D5A5-300x225.jpeg 300w, https:\/\/folhadosudeste.com\/site\/wp-content\/uploads\/2022\/06\/44566D37-FD57-43DC-BC96-256188B6D5A5-768x576.jpeg 768w, https:\/\/folhadosudeste.com\/site\/wp-content\/uploads\/2022\/06\/44566D37-FD57-43DC-BC96-256188B6D5A5-1024x768.jpeg 1024w\" sizes=\"auto, (max-width: 1152px) 100vw, 1152px\" \/><\/a> <a href=\"http:\/\/folhadosudeste.com\/site\/wp-content\/uploads\/2022\/06\/256112E0-1F0D-4B0D-9F99-B7C5AD6D751C.jpeg\"><img loading=\"lazy\" decoding=\"async\" class=\"alignnone size-full wp-image-82642\" src=\"http:\/\/folhadosudeste.com\/site\/wp-content\/uploads\/2022\/06\/256112E0-1F0D-4B0D-9F99-B7C5AD6D751C.jpeg\" alt=\"\" width=\"2048\" height=\"922\" srcset=\"https:\/\/folhadosudeste.com\/site\/wp-content\/uploads\/2022\/06\/256112E0-1F0D-4B0D-9F99-B7C5AD6D751C.jpeg 2048w, https:\/\/folhadosudeste.com\/site\/wp-content\/uploads\/2022\/06\/256112E0-1F0D-4B0D-9F99-B7C5AD6D751C-300x135.jpeg 300w, https:\/\/folhadosudeste.com\/site\/wp-content\/uploads\/2022\/06\/256112E0-1F0D-4B0D-9F99-B7C5AD6D751C-768x346.jpeg 768w, https:\/\/folhadosudeste.com\/site\/wp-content\/uploads\/2022\/06\/256112E0-1F0D-4B0D-9F99-B7C5AD6D751C-1024x461.jpeg 1024w\" sizes=\"auto, (max-width: 2048px) 100vw, 2048px\" \/><\/a><\/p>\n","protected":false},"excerpt":{"rendered":"<p>O Projeto Ciranda Cultural realizou, no \u00faltimo s\u00e1bado, 11 de junho, um passeio cultural por Muria\u00e9, no qual seus participantes, jovens artistas e produtores culturais da regi\u00e3o, puderam visitar a exposi\u00e7\u00e3o em cartaz no Grande Hotel Muriah\u00e9, o Teatro Municipal Belmira Vilas Boas e o Complexo Tur\u00edstico do Cristo Redentor. Tendo Muria\u00e9 como p\u00f3lo de [&hellip;]<\/p>\n","protected":false},"author":6,"featured_media":0,"comment_status":"open","ping_status":"closed","sticky":false,"template":"","format":"standard","meta":{"_joinchat":[],"footnotes":""},"categories":[1],"tags":[],"class_list":["post-82636","post","type-post","status-publish","format-standard","hentry","category-sem-categoria"],"_links":{"self":[{"href":"https:\/\/folhadosudeste.com\/site\/index.php?rest_route=\/wp\/v2\/posts\/82636","targetHints":{"allow":["GET"]}}],"collection":[{"href":"https:\/\/folhadosudeste.com\/site\/index.php?rest_route=\/wp\/v2\/posts"}],"about":[{"href":"https:\/\/folhadosudeste.com\/site\/index.php?rest_route=\/wp\/v2\/types\/post"}],"author":[{"embeddable":true,"href":"https:\/\/folhadosudeste.com\/site\/index.php?rest_route=\/wp\/v2\/users\/6"}],"replies":[{"embeddable":true,"href":"https:\/\/folhadosudeste.com\/site\/index.php?rest_route=%2Fwp%2Fv2%2Fcomments&post=82636"}],"version-history":[{"count":3,"href":"https:\/\/folhadosudeste.com\/site\/index.php?rest_route=\/wp\/v2\/posts\/82636\/revisions"}],"predecessor-version":[{"id":82645,"href":"https:\/\/folhadosudeste.com\/site\/index.php?rest_route=\/wp\/v2\/posts\/82636\/revisions\/82645"}],"wp:attachment":[{"href":"https:\/\/folhadosudeste.com\/site\/index.php?rest_route=%2Fwp%2Fv2%2Fmedia&parent=82636"}],"wp:term":[{"taxonomy":"category","embeddable":true,"href":"https:\/\/folhadosudeste.com\/site\/index.php?rest_route=%2Fwp%2Fv2%2Fcategories&post=82636"},{"taxonomy":"post_tag","embeddable":true,"href":"https:\/\/folhadosudeste.com\/site\/index.php?rest_route=%2Fwp%2Fv2%2Ftags&post=82636"}],"curies":[{"name":"wp","href":"https:\/\/api.w.org\/{rel}","templated":true}]}}