{"id":82691,"date":"2022-06-22T02:46:18","date_gmt":"2022-06-22T02:46:18","guid":{"rendered":"http:\/\/folhadosudeste.com\/site\/?p=82691"},"modified":"2022-06-22T02:47:14","modified_gmt":"2022-06-22T02:47:14","slug":"82691","status":"publish","type":"post","link":"https:\/\/folhadosudeste.com\/site\/?p=82691","title":{"rendered":"Fam\u00edlia na pra\u00e7a"},"content":{"rendered":"<p><a href=\"http:\/\/folhadosudeste.com\/site\/wp-content\/uploads\/2022\/06\/F60D528D-9C74-481D-BD48-9C85B193A6E8.jpeg\"><img loading=\"lazy\" decoding=\"async\" class=\"alignnone size-full wp-image-82693\" src=\"http:\/\/folhadosudeste.com\/site\/wp-content\/uploads\/2022\/06\/F60D528D-9C74-481D-BD48-9C85B193A6E8.jpeg\" alt=\"\" width=\"1000\" height=\"1000\" srcset=\"https:\/\/folhadosudeste.com\/site\/wp-content\/uploads\/2022\/06\/F60D528D-9C74-481D-BD48-9C85B193A6E8.jpeg 1000w, https:\/\/folhadosudeste.com\/site\/wp-content\/uploads\/2022\/06\/F60D528D-9C74-481D-BD48-9C85B193A6E8-150x150.jpeg 150w, https:\/\/folhadosudeste.com\/site\/wp-content\/uploads\/2022\/06\/F60D528D-9C74-481D-BD48-9C85B193A6E8-300x300.jpeg 300w, https:\/\/folhadosudeste.com\/site\/wp-content\/uploads\/2022\/06\/F60D528D-9C74-481D-BD48-9C85B193A6E8-768x768.jpeg 768w\" sizes=\"auto, (max-width: 1000px) 100vw, 1000px\" \/><\/a><\/p>\n<p style=\"text-align: justify;\">\u00c9 com muita alegria que vamos trazer pra todos voc\u00eas o programa &nbsp;FAM\u00cdLIA NA PRA\u00c7A, &nbsp;da data de 26 de junho de 2022 (domingo) de 08 as 16 horas.<\/p>\n<p style=\"text-align: justify;\">Objetivo do programa \u00e9 proporcionar lazer, cultura e entretenimento, atrav\u00e9s de manifesta\u00e7\u00f5es art\u00edsticas, culturais e atividades esportivas, al\u00e9m de oferecer diversos atendimentos na \u00e1rea da sa\u00fade.<\/p>\n<p style=\"text-align: justify;\">P\u00fablico: Rural e Urbano.<\/p>\n<p style=\"text-align: justify;\">SERVI\u00c7OS OFERTADOS:<br \/>\n&#8211; Exames oftalmol\u00f3gicos ( exame de vista) gratuito<br \/>\n&#8211; Aferi\u00e7\u00e3o de press\u00e3o arterial, Aferi\u00e7\u00e3o de glicemia, Vacina\u00e7\u00e3o Covid e Acerto de Cart\u00e3o de vacinas<br \/>\n&#8211; Campanha de Sa\u00fade Bucal com entrega gratuita de kit higiene ( escova de dente, pasta de dente, fio dental, pente e etc)<br \/>\n&#8211; Corte de cabelo masculino e feminino gratuitos<br \/>\n&#8211; Emiss\u00e3o de documentos ( identidade, certid\u00e3o de nascimento, certid\u00e3o de casamento e certid\u00e3o de \u00f3bito )<br \/>\n&#8211; Distribui\u00e7\u00e3o de mudas<br \/>\n&#8211; Orienta\u00e7\u00e3o de todos servi\u00e7os ofertados pela Prefeitura<\/p>\n<p style=\"text-align: justify;\">SERVI\u00c7OS DURANTE TODO O DIA<br \/>\n&#8211; Pintura facial<br \/>\n&#8211; Oficina de desenhos<br \/>\n&#8211; Oficina de Massinha<br \/>\n&#8211; Oficina de Artesanato para adulto<br \/>\n&#8211; Oficina de Bal\u00e3o model\u00e1vel<br \/>\n&#8211; Oficina de constru\u00e7\u00e3o de Fantoche<br \/>\n&#8211; Oficina de Pintura e Desenho no papel<br \/>\n&#8211; Cabine de fotos ( tire sua foto e leva na hora sua lembran\u00e7a deste dia ) ( gratuito)<br \/>\n&#8211; Conta\u00e7\u00e3o de hist\u00f3ria<br \/>\n&#8211; Gincanas<br \/>\n&#8211; Ca\u00e7a ao tesouro<br \/>\n&#8211; Barraca nutri\u00e7\u00e3o<br \/>\n&#8211; Camarim fashion ( sal\u00e3o infantil )<br \/>\n&#8211; Cama el\u00e1stica e Pula- pula infl\u00e1vel<br \/>\n&#8211; Mini futebol<br \/>\n&#8211; Mini basquete<br \/>\n&#8211; Mini V\u00f4lei<br \/>\n&#8211; Aul\u00e3o de Dan\u00e7a Aer\u00f3bica<\/p>\n<p>VALE LEMBRAR QUE TEREMOS ATRA\u00c7\u00d5ES ART\u00cdSTICAS DURANTE TODO O DIA NO PALCO<\/p>\n<p>&#x1f449;Teremos a venda artesanato, produtos da ro\u00e7a e barracas de lanche.<\/p>\n<p>OFERECEMOS LANCHE GRATUITO PARA TODOS OS PRESENTES ( Cachorro Quente, Refrigerante, Pipoca e Algod\u00e3o Doce )<\/p>\n<p style=\"text-align: justify;\">TRANSPORTE GRATUITO ( IDA E VOLTA ):<br \/>\nDistrito de Vermelho, Itamuri e Belis\u00e1rio fa\u00e7a sua pr\u00e9 reserva no CRAS de sua localidade.<\/p>\n<p style=\"text-align: justify;\">Bom Jesus da Cachoeira, Boa Fam\u00edlia, Macuco, Divis\u00f3rio, S\u00e3o Fernando, S\u00e3o Jo\u00e3o do Gl\u00f3ria fa\u00e7a sua reserva nos Postos de Sa\u00fade.<\/p>\n<p>D\u00daVIDAS E INFORMA\u00c7\u00d5ES DO EVENTO NO SINDICATO RURAL OU NO TELEFONE 3721-5250 OU 9- 9819-9895<\/p>\n","protected":false},"excerpt":{"rendered":"<p>\u00c9 com muita alegria que vamos trazer pra todos voc\u00eas o programa &nbsp;FAM\u00cdLIA NA PRA\u00c7A, &nbsp;da data de 26 de junho de 2022 (domingo) de 08 as 16 horas. Objetivo do programa \u00e9 proporcionar lazer, cultura e entretenimento, atrav\u00e9s de manifesta\u00e7\u00f5es art\u00edsticas, culturais e atividades esportivas, al\u00e9m de oferecer diversos atendimentos na \u00e1rea da sa\u00fade. [&hellip;]<\/p>\n","protected":false},"author":6,"featured_media":0,"comment_status":"open","ping_status":"closed","sticky":false,"template":"","format":"standard","meta":{"_joinchat":[],"footnotes":""},"categories":[1],"tags":[],"class_list":["post-82691","post","type-post","status-publish","format-standard","hentry","category-sem-categoria"],"_links":{"self":[{"href":"https:\/\/folhadosudeste.com\/site\/index.php?rest_route=\/wp\/v2\/posts\/82691","targetHints":{"allow":["GET"]}}],"collection":[{"href":"https:\/\/folhadosudeste.com\/site\/index.php?rest_route=\/wp\/v2\/posts"}],"about":[{"href":"https:\/\/folhadosudeste.com\/site\/index.php?rest_route=\/wp\/v2\/types\/post"}],"author":[{"embeddable":true,"href":"https:\/\/folhadosudeste.com\/site\/index.php?rest_route=\/wp\/v2\/users\/6"}],"replies":[{"embeddable":true,"href":"https:\/\/folhadosudeste.com\/site\/index.php?rest_route=%2Fwp%2Fv2%2Fcomments&post=82691"}],"version-history":[{"count":2,"href":"https:\/\/folhadosudeste.com\/site\/index.php?rest_route=\/wp\/v2\/posts\/82691\/revisions"}],"predecessor-version":[{"id":82694,"href":"https:\/\/folhadosudeste.com\/site\/index.php?rest_route=\/wp\/v2\/posts\/82691\/revisions\/82694"}],"wp:attachment":[{"href":"https:\/\/folhadosudeste.com\/site\/index.php?rest_route=%2Fwp%2Fv2%2Fmedia&parent=82691"}],"wp:term":[{"taxonomy":"category","embeddable":true,"href":"https:\/\/folhadosudeste.com\/site\/index.php?rest_route=%2Fwp%2Fv2%2Fcategories&post=82691"},{"taxonomy":"post_tag","embeddable":true,"href":"https:\/\/folhadosudeste.com\/site\/index.php?rest_route=%2Fwp%2Fv2%2Ftags&post=82691"}],"curies":[{"name":"wp","href":"https:\/\/api.w.org\/{rel}","templated":true}]}}