{"id":82695,"date":"2022-06-22T14:06:49","date_gmt":"2022-06-22T14:06:49","guid":{"rendered":"http:\/\/folhadosudeste.com\/site\/?p=82695"},"modified":"2022-06-22T14:06:49","modified_gmt":"2022-06-22T14:06:49","slug":"inscricoes-abertas-para-5-novos-cursos-de-formacao-profissional-no-ctp-muriae","status":"publish","type":"post","link":"https:\/\/folhadosudeste.com\/site\/?p=82695","title":{"rendered":"Inscri\u00e7\u00f5es abertas para 5 novos cursos de forma\u00e7\u00e3o profissional no CTP Muria\u00e9"},"content":{"rendered":"<div><a href=\"http:\/\/folhadosudeste.com\/site\/wp-content\/uploads\/2022\/06\/ctp.jpg\"><img loading=\"lazy\" decoding=\"async\" class=\"alignnone size-full wp-image-82696\" src=\"http:\/\/folhadosudeste.com\/site\/wp-content\/uploads\/2022\/06\/ctp.jpg\" alt=\"\" width=\"1279\" height=\"1280\" srcset=\"https:\/\/folhadosudeste.com\/site\/wp-content\/uploads\/2022\/06\/ctp.jpg 1279w, https:\/\/folhadosudeste.com\/site\/wp-content\/uploads\/2022\/06\/ctp-150x150.jpg 150w, https:\/\/folhadosudeste.com\/site\/wp-content\/uploads\/2022\/06\/ctp-300x300.jpg 300w, https:\/\/folhadosudeste.com\/site\/wp-content\/uploads\/2022\/06\/ctp-768x769.jpg 768w, https:\/\/folhadosudeste.com\/site\/wp-content\/uploads\/2022\/06\/ctp-1024x1024.jpg 1024w\" sizes=\"auto, (max-width: 1279px) 100vw, 1279px\" \/><\/a><\/div>\n<div style=\"text-align: justify;\">A Prefeitura de Muria\u00e9 est\u00e1 com inscri\u00e7\u00f5es abertas at\u00e9 a pr\u00f3xima sexta-feira (24) para cinco novos cursos de capacita\u00e7\u00e3o profissional atrav\u00e9s do programa &#8220;Minha Vez&#8221;.<\/div>\n<div style=\"text-align: justify;\">&nbsp;<\/div>\n<div style=\"text-align: justify;\">As inscri\u00e7\u00f5es devem ser feitas presencialmente no Centro de Treinamento Profissional, que funciona das 8h \u00e0s 17h. O endere\u00e7o \u00e9 rua Itagiba de Oliveira, 410, na Barra (ap\u00f3s a UPA e ao lado do CRAS).<\/div>\n<div style=\"text-align: justify;\">&nbsp;<\/div>\n<div style=\"text-align: justify;\">\u00c9 necess\u00e1rio apresentar os seguintes documentos: identidade, CPF, comprovante atual de resid\u00eancia e comprova\u00e7\u00e3o de escolaridade. Menores de idade precisam estar acompanhados por pai, m\u00e3e ou respons\u00e1vel legal.<\/div>\n<div style=\"text-align: justify;\">&nbsp;<\/div>\n<div style=\"text-align: justify;\">Veja as informa\u00e7\u00f5es sobre cada curso:<\/div>\n<p><!--more--><\/p>\n<div style=\"text-align: justify;\">MANICURE \/ PEDICURE<\/div>\n<div style=\"text-align: justify;\">Hor\u00e1rios: manh\u00e3, tarde e noite<\/div>\n<div style=\"text-align: justify;\">Idade m\u00ednima: 15 anos<\/div>\n<div style=\"text-align: justify;\">Escolaridade: Ensino Fundamental I completo<\/div>\n<div style=\"text-align: justify;\">&nbsp;<\/div>\n<div style=\"text-align: justify;\">COSTURA<\/div>\n<div style=\"text-align: justify;\">Hor\u00e1rios: tarde e noite<\/div>\n<div style=\"text-align: justify;\">Idade m\u00ednima: 16 anos<\/div>\n<div style=\"text-align: justify;\">Escolaridade: Ensino Fundamental I completo<\/div>\n<div style=\"text-align: justify;\">&nbsp;<\/div>\n<div style=\"text-align: justify;\">MODELISTA<\/div>\n<div style=\"text-align: justify;\">Hor\u00e1rio: manh\u00e3<\/div>\n<div style=\"text-align: justify;\">Idade m\u00ednima: 16 anos<\/div>\n<div style=\"text-align: justify;\">Escolaridade: Ensino Fundamental I completo<\/div>\n<div style=\"text-align: justify;\">&nbsp;<\/div>\n<div style=\"text-align: justify;\">ORGANIZA\u00c7\u00c3O DE EVENTOS<\/div>\n<div style=\"text-align: justify;\">Hor\u00e1rios: noite<\/div>\n<div style=\"text-align: justify;\">Idade m\u00ednima: 15 anos<\/div>\n<div style=\"text-align: justify;\">Escolaridade: Ensino M\u00e9dio incompleto<\/div>\n<div style=\"text-align: justify;\">&nbsp;<\/div>\n<div style=\"text-align: justify;\">DESENVOLVIMENTO DE COLE\u00c7\u00c3O DE MODA<\/div>\n<div style=\"text-align: justify;\">Hor\u00e1rios: manh\u00e3<\/div>\n<div style=\"text-align: justify;\">Idade m\u00ednima: 16 anos<\/div>\n<div style=\"text-align: justify;\">Escolaridade: Ensino M\u00e9dio incompleto<\/div>\n<div style=\"text-align: justify;\">&nbsp;<\/div>\n<div style=\"text-align: justify;\">O programa Minha Vez \u00e9 realizado pela Prefeitura de Muria\u00e9, atrav\u00e9s das secretarias de Desenvolvimento Econ\u00f4mico e Desenvolvimento Social, em parceria com o Senac, o Sicoob Credisudeste e a CDL\/ACE Mais. Desde 2021, mais de 2 mil pessoas j\u00e1 receberam certificados de conclus\u00e3o dos cursos de forma\u00e7\u00e3o profissional.<\/div>\n","protected":false},"excerpt":{"rendered":"<p>A Prefeitura de Muria\u00e9 est\u00e1 com inscri\u00e7\u00f5es abertas at\u00e9 a pr\u00f3xima sexta-feira (24) para cinco novos cursos de capacita\u00e7\u00e3o profissional atrav\u00e9s do programa &#8220;Minha Vez&#8221;. &nbsp; As inscri\u00e7\u00f5es devem ser feitas presencialmente no Centro de Treinamento Profissional, que funciona das 8h \u00e0s 17h. O endere\u00e7o \u00e9 rua Itagiba de Oliveira, 410, na Barra (ap\u00f3s a [&hellip;]<\/p>\n","protected":false},"author":6,"featured_media":0,"comment_status":"open","ping_status":"closed","sticky":false,"template":"","format":"standard","meta":{"_joinchat":[],"footnotes":""},"categories":[1],"tags":[],"class_list":["post-82695","post","type-post","status-publish","format-standard","hentry","category-sem-categoria"],"_links":{"self":[{"href":"https:\/\/folhadosudeste.com\/site\/index.php?rest_route=\/wp\/v2\/posts\/82695","targetHints":{"allow":["GET"]}}],"collection":[{"href":"https:\/\/folhadosudeste.com\/site\/index.php?rest_route=\/wp\/v2\/posts"}],"about":[{"href":"https:\/\/folhadosudeste.com\/site\/index.php?rest_route=\/wp\/v2\/types\/post"}],"author":[{"embeddable":true,"href":"https:\/\/folhadosudeste.com\/site\/index.php?rest_route=\/wp\/v2\/users\/6"}],"replies":[{"embeddable":true,"href":"https:\/\/folhadosudeste.com\/site\/index.php?rest_route=%2Fwp%2Fv2%2Fcomments&post=82695"}],"version-history":[{"count":1,"href":"https:\/\/folhadosudeste.com\/site\/index.php?rest_route=\/wp\/v2\/posts\/82695\/revisions"}],"predecessor-version":[{"id":82697,"href":"https:\/\/folhadosudeste.com\/site\/index.php?rest_route=\/wp\/v2\/posts\/82695\/revisions\/82697"}],"wp:attachment":[{"href":"https:\/\/folhadosudeste.com\/site\/index.php?rest_route=%2Fwp%2Fv2%2Fmedia&parent=82695"}],"wp:term":[{"taxonomy":"category","embeddable":true,"href":"https:\/\/folhadosudeste.com\/site\/index.php?rest_route=%2Fwp%2Fv2%2Fcategories&post=82695"},{"taxonomy":"post_tag","embeddable":true,"href":"https:\/\/folhadosudeste.com\/site\/index.php?rest_route=%2Fwp%2Fv2%2Ftags&post=82695"}],"curies":[{"name":"wp","href":"https:\/\/api.w.org\/{rel}","templated":true}]}}