{"id":82698,"date":"2022-06-22T14:10:09","date_gmt":"2022-06-22T14:10:09","guid":{"rendered":"http:\/\/folhadosudeste.com\/site\/?p=82698"},"modified":"2022-06-22T14:10:09","modified_gmt":"2022-06-22T14:10:09","slug":"inovacao-da-cba-conquista-premio-de-excelencia-da-industria-minero-metalurgica","status":"publish","type":"post","link":"https:\/\/folhadosudeste.com\/site\/?p=82698","title":{"rendered":"Inova\u00e7\u00e3o da CBA conquista Pr\u00eamio de Excel\u00eancia da Ind\u00fastria Minero-Metal\u00fargica"},"content":{"rendered":"<p><a href=\"http:\/\/folhadosudeste.com\/site\/wp-content\/uploads\/2022\/06\/Pr\u00eamio-Min\u00e9rios-e-Minerales_CBA_Rodrigo-Domingos_Jeferson-Silva-1.jpeg\"><img loading=\"lazy\" decoding=\"async\" class=\"alignnone size-full wp-image-82699\" src=\"http:\/\/folhadosudeste.com\/site\/wp-content\/uploads\/2022\/06\/Pr\u00eamio-Min\u00e9rios-e-Minerales_CBA_Rodrigo-Domingos_Jeferson-Silva-1.jpeg\" alt=\"\" width=\"1040\" height=\"780\" srcset=\"https:\/\/folhadosudeste.com\/site\/wp-content\/uploads\/2022\/06\/Pr\u00eamio-Min\u00e9rios-e-Minerales_CBA_Rodrigo-Domingos_Jeferson-Silva-1.jpeg 1040w, https:\/\/folhadosudeste.com\/site\/wp-content\/uploads\/2022\/06\/Pr\u00eamio-Min\u00e9rios-e-Minerales_CBA_Rodrigo-Domingos_Jeferson-Silva-1-300x225.jpeg 300w, https:\/\/folhadosudeste.com\/site\/wp-content\/uploads\/2022\/06\/Pr\u00eamio-Min\u00e9rios-e-Minerales_CBA_Rodrigo-Domingos_Jeferson-Silva-1-768x576.jpeg 768w, https:\/\/folhadosudeste.com\/site\/wp-content\/uploads\/2022\/06\/Pr\u00eamio-Min\u00e9rios-e-Minerales_CBA_Rodrigo-Domingos_Jeferson-Silva-1-1024x768.jpeg 1024w\" sizes=\"auto, (max-width: 1040px) 100vw, 1040px\" \/><\/a><\/p>\n<p style=\"text-align: justify;\"><em>Projeto de decanta\u00e7\u00e3o de coloides na Unidade de Mira\u00ed foi reconhecido pela Revista Min\u00e9rios &amp; Minerales pelos benef\u00edcios para o meio ambiente, em especial para a clarifica\u00e7\u00e3o da \u00e1gua da barragem<\/em><\/p>\n<p style=\"text-align: justify;\">A atua\u00e7\u00e3o socioambiental da Companhia Brasileira de Alum\u00ednio (CBA) na Zona da Mata Mineira obteve mais um importante reconhecimento. O projeto \u201cDecanta\u00e7\u00e3o de Coloides na barragem de Mira\u00ed\u201d foi agraciado com o Pr\u00eamio de Excel\u00eancia da Ind\u00fastria Minero-Metal\u00fargica, realizado pela revista especializada Min\u00e9rios &amp; Minerales, entregue ontem, dia 21 de junho, na Funda\u00e7\u00e3o Dom Cabral,&nbsp;em Nova Lima, na Regi\u00e3o Metropolitana de Belo Horizonte. A iniciativa aprimorou a qualidade ambiental da \u00e1gua armazenada na barragem, beneficiando a empresa, o meio ambiente e a popula\u00e7\u00e3o local. Alguns dos destaques foram a mudan\u00e7a na colora\u00e7\u00e3o da \u00e1gua da barragem &#8211; de turva para cristalina -, a diminui\u00e7\u00e3o no consumo de energia e no desgaste de equipamentos de bombeamento e a melhora da qualidade ambiental para o ecossistema local.<\/p>\n<p style=\"text-align: justify;\">A ideia do projeto surgiu de uma descoberta durante a realiza\u00e7\u00e3o de testes para otimizar e reduzir custos da Esta\u00e7\u00e3o de Tratamento de \u00c1gua (ETA) da CBA em Mira\u00ed.&nbsp;Em 2019, ao longo do desenvolvimento de novos reagentes, constatou-se que as part\u00edculas suspensas na \u00e1gua possu\u00edam cargas positivas, o que impedia a decanta\u00e7\u00e3o natural, como acontece em rios, por exemplo, em fun\u00e7\u00e3o das part\u00edculas se repelirem e navegarem pela \u00e1gua do reservat\u00f3rio. Por esse motivo, a colora\u00e7\u00e3o do espelho d\u2019\u00e1gua da barragem permanecia turva.<\/p>\n<p style=\"text-align: justify;\">Para neutralizar as cargas positivas, s\u00e3o necess\u00e1rios&nbsp;o controle e o ajuste do pH da \u00e1gua armazenada no reservat\u00f3rio, permitindo a decanta\u00e7\u00e3o dos coloides em suspens\u00e3o e, por consequ\u00eancia, o clareamento da \u00e1gua. Um alcalinizante foi aplicado diretamente na barragem por meio de recircula\u00e7\u00e3o de \u00e1gua controlada da pr\u00f3pria ETA da Unidade, a fim de neutralizar a nuvem de carga positiva, que mantinha as part\u00edculas de argilominerais suspensas por repuls\u00e3o.<\/p>\n<p style=\"text-align: justify;\"><!--more--><\/p>\n<p style=\"text-align: justify;\">O gerente das Unidades de minera\u00e7\u00e3o da CBA na Zona da Mata, Christian Fonseca de Andrade, destaca o r\u00e1pido resultado ap\u00f3s a conclus\u00e3o da dosagem do alcalinizante. \u201cEm apenas uma semana, a \u00e1gua passou de 18.000 NTU (Unidade Nefelom\u00e9trica de Turbidez) para somente 5 NTU. Anteriormente classificada como turva, a \u00e1gua da barragem tornou-se cristalina em poucos dias, sendo poss\u00edvel o seu retorno ao meio ambiente sem necessidade de novos tratamentos na ETA\u201d, celebra.<\/p>\n<p style=\"text-align: justify;\">Al\u00e9m das melhorias na turbidez e na qualidade da \u00e1gua, o gerente da CBA ressalta outros benef\u00edcios para a empresa, o meio ambiente e as comunidades locais. \u201cO projeto possibilitou uma redu\u00e7\u00e3o de 30% no consumo de energia para devolu\u00e7\u00e3o da \u00e1gua ao meio ambiente e um menor desgaste das bombas dos sistemas de capta\u00e7\u00e3o da ETA e da recircula\u00e7\u00e3o que alimenta a Usina de Beneficiamento. Ainda mais importante \u00e9 o aprimoramento da qualidade ambiental da \u00e1gua, beneficiando diretamente o ecossistema aqu\u00e1tico e outros animais no entorno da barragem. Por isso, recebemos com grande satisfa\u00e7\u00e3o o pr\u00eamio, que, mais uma vez, atesta a qualidade da atua\u00e7\u00e3o socioambiental da Companhia na regi\u00e3o\u201d, destaca Andrade.<\/p>\n<p style=\"text-align: justify;\">&nbsp;<\/p>\n<p style=\"text-align: justify;\"><strong>Pr\u00eamio de Excel\u00eancia da Ind\u00fastria Minero-Metal\u00fargica<\/strong><\/p>\n<p style=\"text-align: justify;\">Chegando em sua 24\u00aa edi\u00e7\u00e3o em 2022, o Pr\u00eamio de Excel\u00eancia da Ind\u00fastria Minero-Metal\u00fargica tem por objetivo divulgar os projetos de aumento de produtividade, redu\u00e7\u00e3o de custos e inova\u00e7\u00e3o desenvolvidos pelas equipes de diversos setores em uma mineradora. Os projetos s\u00e3o avaliados por um j\u00fari independente e os autores premiados recebem trof\u00e9u e diploma como reconhecimento em solenidade.<\/p>\n<p style=\"text-align: justify;\">&nbsp;<\/p>\n<p style=\"text-align: justify;\"><strong>Sobre a CBA<\/strong><\/p>\n<p style=\"text-align: justify;\">Desde 1955, a Companhia Brasileira de Alum\u00ednio &#8211; CBA produz alum\u00ednio de alta qualidade de forma integrada e sustent\u00e1vel. Com capacidade instalada para produzir 100% de energia vinda de hidroel\u00e9tricas pr\u00f3prias, a CBA minera a bauxita, transforma em alum\u00ednio prim\u00e1rio (lingotes, tarugos, vergalh\u00f5es e placas) e produtos transformados (chapas, bobinas, folhas e perfis). Em estreita parceria com seus clientes, a CBA desenvolve solu\u00e7\u00f5es e servi\u00e7os para os mercados de embalagens e de transportes, conferindo mais leveza, durabilidade e uma vida melhor. A CBA est\u00e1 bem perto de voc\u00ea. Acesse:&nbsp;<a href=\"http:\/\/www.cba.com.br\/\" data-saferedirecturl=\"https:\/\/www.google.com\/url?q=http:\/\/www.cba.com.br\/&amp;source=gmail&amp;ust=1655992652009000&amp;usg=AOvVaw0AgBp6OrMwZwzJGZn0HXPd\">www.cba.com.br<\/a>.<\/p>\n<p><a href=\"http:\/\/folhadosudeste.com\/site\/wp-content\/uploads\/2022\/06\/Barragem-Mira\u00ed-Antes-e-Depois-1.png\"><img loading=\"lazy\" decoding=\"async\" class=\"size-full wp-image-82700 aligncenter\" src=\"http:\/\/folhadosudeste.com\/site\/wp-content\/uploads\/2022\/06\/Barragem-Mira\u00ed-Antes-e-Depois-1.png\" alt=\"\" width=\"676\" height=\"650\" srcset=\"https:\/\/folhadosudeste.com\/site\/wp-content\/uploads\/2022\/06\/Barragem-Mira\u00ed-Antes-e-Depois-1.png 676w, https:\/\/folhadosudeste.com\/site\/wp-content\/uploads\/2022\/06\/Barragem-Mira\u00ed-Antes-e-Depois-1-300x288.png 300w\" sizes=\"auto, (max-width: 676px) 100vw, 676px\" \/><\/a><\/p>\n","protected":false},"excerpt":{"rendered":"<p>Projeto de decanta\u00e7\u00e3o de coloides na Unidade de Mira\u00ed foi reconhecido pela Revista Min\u00e9rios &amp; Minerales pelos benef\u00edcios para o meio ambiente, em especial para a clarifica\u00e7\u00e3o da \u00e1gua da barragem A atua\u00e7\u00e3o socioambiental da Companhia Brasileira de Alum\u00ednio (CBA) na Zona da Mata Mineira obteve mais um importante reconhecimento. O projeto \u201cDecanta\u00e7\u00e3o de Coloides [&hellip;]<\/p>\n","protected":false},"author":6,"featured_media":0,"comment_status":"open","ping_status":"closed","sticky":false,"template":"","format":"standard","meta":{"_joinchat":[],"footnotes":""},"categories":[1],"tags":[],"class_list":["post-82698","post","type-post","status-publish","format-standard","hentry","category-sem-categoria"],"_links":{"self":[{"href":"https:\/\/folhadosudeste.com\/site\/index.php?rest_route=\/wp\/v2\/posts\/82698","targetHints":{"allow":["GET"]}}],"collection":[{"href":"https:\/\/folhadosudeste.com\/site\/index.php?rest_route=\/wp\/v2\/posts"}],"about":[{"href":"https:\/\/folhadosudeste.com\/site\/index.php?rest_route=\/wp\/v2\/types\/post"}],"author":[{"embeddable":true,"href":"https:\/\/folhadosudeste.com\/site\/index.php?rest_route=\/wp\/v2\/users\/6"}],"replies":[{"embeddable":true,"href":"https:\/\/folhadosudeste.com\/site\/index.php?rest_route=%2Fwp%2Fv2%2Fcomments&post=82698"}],"version-history":[{"count":1,"href":"https:\/\/folhadosudeste.com\/site\/index.php?rest_route=\/wp\/v2\/posts\/82698\/revisions"}],"predecessor-version":[{"id":82701,"href":"https:\/\/folhadosudeste.com\/site\/index.php?rest_route=\/wp\/v2\/posts\/82698\/revisions\/82701"}],"wp:attachment":[{"href":"https:\/\/folhadosudeste.com\/site\/index.php?rest_route=%2Fwp%2Fv2%2Fmedia&parent=82698"}],"wp:term":[{"taxonomy":"category","embeddable":true,"href":"https:\/\/folhadosudeste.com\/site\/index.php?rest_route=%2Fwp%2Fv2%2Fcategories&post=82698"},{"taxonomy":"post_tag","embeddable":true,"href":"https:\/\/folhadosudeste.com\/site\/index.php?rest_route=%2Fwp%2Fv2%2Ftags&post=82698"}],"curies":[{"name":"wp","href":"https:\/\/api.w.org\/{rel}","templated":true}]}}