{"id":82702,"date":"2022-06-22T17:06:45","date_gmt":"2022-06-22T17:06:45","guid":{"rendered":"http:\/\/folhadosudeste.com\/site\/?p=82702"},"modified":"2022-06-22T17:06:45","modified_gmt":"2022-06-22T17:06:45","slug":"prefeito-anuncia-formacao-completa-do-secretariado-para-seguimento-da-gestao","status":"publish","type":"post","link":"https:\/\/folhadosudeste.com\/site\/?p=82702","title":{"rendered":"Prefeito anuncia forma\u00e7\u00e3o completa do secretariado para seguimento da gest\u00e3o"},"content":{"rendered":"<p style=\"text-align: justify;\"><a href=\"http:\/\/folhadosudeste.com\/site\/wp-content\/uploads\/2022\/06\/Prefeito-e-novos-integrantes-da-equipe.jpeg\"><img loading=\"lazy\" decoding=\"async\" class=\"alignnone size-full wp-image-82703\" src=\"http:\/\/folhadosudeste.com\/site\/wp-content\/uploads\/2022\/06\/Prefeito-e-novos-integrantes-da-equipe.jpeg\" alt=\"\" width=\"1600\" height=\"962\" srcset=\"https:\/\/folhadosudeste.com\/site\/wp-content\/uploads\/2022\/06\/Prefeito-e-novos-integrantes-da-equipe.jpeg 1600w, https:\/\/folhadosudeste.com\/site\/wp-content\/uploads\/2022\/06\/Prefeito-e-novos-integrantes-da-equipe-300x180.jpeg 300w, https:\/\/folhadosudeste.com\/site\/wp-content\/uploads\/2022\/06\/Prefeito-e-novos-integrantes-da-equipe-768x462.jpeg 768w, https:\/\/folhadosudeste.com\/site\/wp-content\/uploads\/2022\/06\/Prefeito-e-novos-integrantes-da-equipe-1024x616.jpeg 1024w\" sizes=\"auto, (max-width: 1600px) 100vw, 1600px\" \/><\/a><\/p>\n<div id=\":32\" class=\"ii gt\" style=\"text-align: justify;\">\n<div id=\":1q\" class=\"a3s aiL \">\n<div dir=\"ltr\">\n<div dir=\"ltr\">\n<div>O prefeito Marcos Guarino anunciou na manh\u00e3 desta quarta-feira (22) a equipe de secretariado municipal para o prosseguimento do per\u00edodo administrativo 2021-2024.<\/div>\n<div>&nbsp;<\/div>\n<div>Aconteceram mudan\u00e7as na Procuradoria Geral do Munic\u00edpio e nas secretarias de Governo, Desenvolvimento Social e Planejamento, al\u00e9m do Controle Interno e do Departamento de Transportes e Tr\u00e2nsito (Demuttran).<\/div>\n<div>&nbsp;<\/div>\n<div>J\u00e1 na Sa\u00fade, que era ocupada pelo pr\u00f3prio Marcos Guarino enquanto ainda estava como vice-prefeito, a antiga adjunta da pasta assume agora como titular.<\/div>\n<div>&nbsp;<\/div>\n<div>As secretarias de Obras P\u00fablicas e de Urbanismo e Meio Ambiente, por sua vez, estavam vagas desde a sa\u00edda do antigo respons\u00e1vel em 31 de maio, ainda antes da morte de Jos\u00e9 Braz.<\/div>\n<div>&nbsp;<\/div>\n<div>As demais pastas se mantiveram como j\u00e1 estavam: Demsur, Fundarte e secretarias de Administra\u00e7\u00e3o, Agricultura, Desenvolvimento Econ\u00f4mico, Educa\u00e7\u00e3o e Fazenda permanecem com os mesmos respons\u00e1veis anteriores.<\/div>\n<div>&nbsp;<\/div>\n<div>Quem chega:<\/div>\n<div>Procuradoria Geral do Munic\u00edpio: Eduardo Marge<\/div>\n<div>Secretaria de Governo: Vanderl\u00e9ia Aparecida de Castro Souza<\/div>\n<div>Secretaria de Desenvolvimento Social: Vanessa Magalh\u00e3es Azeredo<\/div>\n<div>Secretaria de Planejamento e Controle: Silvio M\u00e1rcio Bousada Salvato<\/div>\n<div>Secretaria de Obras P\u00fablicas &#8211; titular: Jorge F\u00e9res Filho<\/div>\n<div>Secretaria de Sa\u00fade: Luiza Agostini de Andrade \/ V\u00edtor Dias Vasconcelos de Almeida (adjunto)<\/div>\n<div>Secretaria de Urbanismo e Meio Ambiente: Mauro Francisco de Aquino<\/div>\n<div>Controle Interno: Danilo Murta Maciel<\/div>\n<div>Demuttran: M\u00e1rio L\u00facio Brambila<\/div>\n<\/div>\n<\/div>\n<\/div>\n<\/div>\n<p><!--more--><\/p>\n<div id=\":32\" class=\"ii gt\" style=\"text-align: justify;\">\n<div id=\":1q\" class=\"a3s aiL \">\n<div dir=\"ltr\">\n<div dir=\"ltr\">\n<div>Quem permanece:<\/div>\n<div>Demsur: Maria da Consola\u00e7\u00e3o Tanus Pampolini Freitas<\/div>\n<div>Fundarte: Gilca Maria Hubner Vieira Napier<\/div>\n<div>Secretaria de Administra\u00e7\u00e3o: Edmar Rodrigues Pereira<\/div>\n<div>Secretaria de Agricultura: Fernando Trota Levati<\/div>\n<div>Secretaria de Desenvolvimento Econ\u00f4mico: Cezar Augusto Bianchi Botaro<\/div>\n<div>Secretaria de Educa\u00e7\u00e3o: Maria Am\u00e9lia Queiroz Xaia \/ &nbsp;Andr\u00e9a Pereira de Assis Paula Medina (adjunta)<\/div>\n<div>Secretaria de Fazenda: Francisco de Assis de Souza J\u00fanior<\/div>\n<div>Secretaria de Obras P\u00fablicas &#8211; adjunto: Sinval Ferreira<\/div>\n<div>&nbsp;<\/div>\n<div>Perfis dos novos integrantes da equipe<\/div>\n<div>&nbsp;<\/div>\n<div>PROCURADORIA GERAL DO MUNIC\u00cdPIO<\/div>\n<div>Eduardo Marge &#8211; est\u00e1 pela segunda vez \u00e0 frente da Procuradoria Geral do Munic\u00edpio de Muria\u00e9. Anteriormente, j\u00e1 havia desempenhado a fun\u00e7\u00e3o entre 2013 e 2016. Tamb\u00e9m possui experi\u00eancia como assessor jur\u00eddico em outras prefeituras, al\u00e9m de j\u00e1 ter sido respons\u00e1vel pela gest\u00e3o jur\u00eddica do Demsur.<\/div>\n<div>&nbsp;<\/div>\n<div>SECRETARIA MUNICIPAL DE GOVERNO<\/div>\n<div>Vanderl\u00e9ia Aparecida de Castro Souza &#8211; \u00e9 professora por forma\u00e7\u00e3o e tem experi\u00eancia de 35 anos na \u00e1rea de educa\u00e7\u00e3o, 19 deles atuando em dire\u00e7\u00e3o escolar e tamb\u00e9m na Secretaria Municipal de Educa\u00e7\u00e3o, como coordenadora das escolas do campo. At\u00e9 o momento, vinha exercendo a fun\u00e7\u00e3o de diretora adjunta da Fundarte.<\/div>\n<div>&nbsp;<\/div>\n<div>SECRETARIA MUNICIPAL DE DESENVOLVIMENTO SOCIAL<\/div>\n<div>Vanessa Magalh\u00e3es Azeredo \u00e9 graduada em Servi\u00e7o Social, p\u00f3s-graduada em Gest\u00e3o da Pol\u00edtica de Assist\u00eancia Social e h\u00e1 mais de 10 anos acumula experi\u00eancias como t\u00e9cnica em pol\u00edticas p\u00fablicas. Em 2021, foi nomeada coordenadora da Sa\u00fade Mental de Muria\u00e9, fun\u00e7\u00e3o que desempenhava at\u00e9 agora.<\/div>\n<div>&nbsp;<\/div>\n<div>SECRETARIA MUNICIPAL DE PLANEJAMENTO<\/div>\n<div>Silvio M\u00e1rcio Bousada Salvato &#8211; Graduado em administra\u00e7\u00e3o de empresas e p\u00f3s-graduado em gest\u00e3o p\u00fablica, retorna ao Poder Executivo do munic\u00edpio para sua segunda experi\u00eancia como secret\u00e1rio municipal de Planejamento. Tamb\u00e9m j\u00e1 esteve \u00e0 frente da pasta da Fazenda e, desde janeiro, atuava como Diretor Legislativo da C\u00e2mara Municipal.<\/div>\n<div>&nbsp;<\/div>\n<div>SECRETARIA DE OBRAS P\u00daBLICAS<\/div>\n<div>Jorge Feres Filho &#8211; arquiteto urbanista com experi\u00eancia de 37 anos \u00e0 frente de diversos projetos resiencais, comerciais, industriais e esportivos que ganharam em destaque em Muria\u00e9. Chega para sua segunda oportunidade na gest\u00e3o p\u00fablica &#8211; anteriormente, j\u00e1 havia sido secret\u00e1rio de Urbanismo e Meio Ambiente por dois anos.<\/div>\n<div>&nbsp;<\/div>\n<div>SECRETARIA DE SA\u00daDE<\/div>\n<div>Luiza Agostini de Andrade &#8211; a nova titular da pasta \u00e9 fisioterapeuta, p\u00f3s-graduada em Medicina Chinesa e Gest\u00e3o de Sa\u00fade P\u00fablica, al\u00e9m de mestranda em Ci\u00eancias da Sa\u00fade \/ Sa\u00fade P\u00fablica. \u00c9 servidora p\u00fablica municipal efetiva, com experi\u00eancia de coordena\u00e7\u00e3o em diversos setores da Sa\u00fade. Antes de ser nomeada secret\u00e1ria municipal de Sa\u00fade, auxiliava o prefeito Marcos Guarino como adjunta da pasta.<\/div>\n<div>&nbsp;<\/div>\n<div>V\u00edtor Dias Vasconcelos de Almeida &#8211; o novo adjunto \u00e9 graduado em Direito, servidor p\u00fablico municipal efetivo h\u00e1 15 anos, per\u00edodo pelo qual desempenhou diversas fun\u00e7\u00f5es de coordena\u00e7\u00e3o na Secretaria Municipal de Sa\u00fade. Tamb\u00e9m esteve cedido ao TJMG por 4 anos, onde atuou nas secretarias da Vara Criminal e da Vara de Execu\u00e7\u00f5es Penais, Inf\u00e2ncia e Juventude.<\/div>\n<div>&nbsp;<\/div>\n<div>SECRETARIA MUNICIPAL DE URBANISMO E MEIO AMBIENTE<\/div>\n<div>Mauro Francisco de Aquino &#8211; embora bacharel em Direito, trabalha na Secretaria Municipal de Urbanismo desde 2019, sempre \u00e0 frente da gest\u00e3o de documentos da pasta. \u00c9 p\u00f3s-graduado em Direito Administrativo e est\u00e1 iniciando a especializa\u00e7\u00e3o em Planjeamento Urbano e Gest\u00e3o Ambiental de Cidades.<\/div>\n<div>&nbsp;<\/div>\n<div>CONTROLE INTERNO<\/div>\n<div>Danilo Murta Maciel \u00e9 contador e advogado. Tem experi\u00eancia de 29 anos na \u00e1rea cont\u00e1bil, 17 deles tamb\u00e9m em gest\u00e3o p\u00fablica. Em sua carreira, prestou servi\u00e7os para diversas prefeituras e c\u00e2maras municipais.<\/div>\n<div>&nbsp;<\/div>\n<div>DEMUTTRAN<\/div>\n<div>M\u00e1rio L\u00facio Brambila &#8211; com vasta experi\u00eancia na \u00e1rea, assume pela terceira vez a dire\u00e7\u00e3o do Demuttran, \u00f3rg\u00e3o respons\u00e1vel pela gest\u00e3o de todas as normativas de tr\u00e2nsito no munic\u00edpio. Est\u00e1 integrado \u00e0s demandas do departamento, uma vez que j\u00e1 integrava a equipe de trabalho da institui\u00e7\u00e3o.<\/div>\n<\/div>\n<\/div>\n<div class=\"yj6qo\">&nbsp;<\/div>\n<div class=\"adL\"><a href=\"http:\/\/folhadosudeste.com\/site\/wp-content\/uploads\/2022\/06\/Procuradoria-Geral-Eduardo-Marge.jpeg\"><img loading=\"lazy\" decoding=\"async\" class=\"alignnone size-full wp-image-82704\" src=\"http:\/\/folhadosudeste.com\/site\/wp-content\/uploads\/2022\/06\/Procuradoria-Geral-Eduardo-Marge.jpeg\" alt=\"\" width=\"958\" height=\"959\" srcset=\"https:\/\/folhadosudeste.com\/site\/wp-content\/uploads\/2022\/06\/Procuradoria-Geral-Eduardo-Marge.jpeg 958w, https:\/\/folhadosudeste.com\/site\/wp-content\/uploads\/2022\/06\/Procuradoria-Geral-Eduardo-Marge-150x150.jpeg 150w, https:\/\/folhadosudeste.com\/site\/wp-content\/uploads\/2022\/06\/Procuradoria-Geral-Eduardo-Marge-300x300.jpeg 300w, https:\/\/folhadosudeste.com\/site\/wp-content\/uploads\/2022\/06\/Procuradoria-Geral-Eduardo-Marge-768x769.jpeg 768w\" sizes=\"auto, (max-width: 958px) 100vw, 958px\" \/><\/a> <a href=\"http:\/\/folhadosudeste.com\/site\/wp-content\/uploads\/2022\/06\/Governo-Vanderl\u00e9ia-Castro.jpeg\"><img loading=\"lazy\" decoding=\"async\" class=\"alignnone size-full wp-image-82705\" src=\"http:\/\/folhadosudeste.com\/site\/wp-content\/uploads\/2022\/06\/Governo-Vanderl\u00e9ia-Castro.jpeg\" alt=\"\" width=\"958\" height=\"959\" srcset=\"https:\/\/folhadosudeste.com\/site\/wp-content\/uploads\/2022\/06\/Governo-Vanderl\u00e9ia-Castro.jpeg 958w, https:\/\/folhadosudeste.com\/site\/wp-content\/uploads\/2022\/06\/Governo-Vanderl\u00e9ia-Castro-150x150.jpeg 150w, https:\/\/folhadosudeste.com\/site\/wp-content\/uploads\/2022\/06\/Governo-Vanderl\u00e9ia-Castro-300x300.jpeg 300w, https:\/\/folhadosudeste.com\/site\/wp-content\/uploads\/2022\/06\/Governo-Vanderl\u00e9ia-Castro-768x769.jpeg 768w\" sizes=\"auto, (max-width: 958px) 100vw, 958px\" \/><\/a> <a href=\"http:\/\/folhadosudeste.com\/site\/wp-content\/uploads\/2022\/06\/Desenvolvimento-Social-Vanessa-Magalh\u00e3es.jpeg\"><img loading=\"lazy\" decoding=\"async\" class=\"alignnone size-full wp-image-82706\" src=\"http:\/\/folhadosudeste.com\/site\/wp-content\/uploads\/2022\/06\/Desenvolvimento-Social-Vanessa-Magalh\u00e3es.jpeg\" alt=\"\" width=\"1280\" height=\"1280\" srcset=\"https:\/\/folhadosudeste.com\/site\/wp-content\/uploads\/2022\/06\/Desenvolvimento-Social-Vanessa-Magalh\u00e3es.jpeg 1280w, https:\/\/folhadosudeste.com\/site\/wp-content\/uploads\/2022\/06\/Desenvolvimento-Social-Vanessa-Magalh\u00e3es-150x150.jpeg 150w, https:\/\/folhadosudeste.com\/site\/wp-content\/uploads\/2022\/06\/Desenvolvimento-Social-Vanessa-Magalh\u00e3es-300x300.jpeg 300w, https:\/\/folhadosudeste.com\/site\/wp-content\/uploads\/2022\/06\/Desenvolvimento-Social-Vanessa-Magalh\u00e3es-768x768.jpeg 768w, https:\/\/folhadosudeste.com\/site\/wp-content\/uploads\/2022\/06\/Desenvolvimento-Social-Vanessa-Magalh\u00e3es-1024x1024.jpeg 1024w\" sizes=\"auto, (max-width: 1280px) 100vw, 1280px\" \/><\/a> <a href=\"http:\/\/folhadosudeste.com\/site\/wp-content\/uploads\/2022\/06\/Planejamento-Silvio-Salvato.jpeg\"><img loading=\"lazy\" decoding=\"async\" class=\"alignnone size-full wp-image-82707\" src=\"http:\/\/folhadosudeste.com\/site\/wp-content\/uploads\/2022\/06\/Planejamento-Silvio-Salvato.jpeg\" alt=\"\" width=\"1280\" height=\"1280\" srcset=\"https:\/\/folhadosudeste.com\/site\/wp-content\/uploads\/2022\/06\/Planejamento-Silvio-Salvato.jpeg 1280w, https:\/\/folhadosudeste.com\/site\/wp-content\/uploads\/2022\/06\/Planejamento-Silvio-Salvato-150x150.jpeg 150w, https:\/\/folhadosudeste.com\/site\/wp-content\/uploads\/2022\/06\/Planejamento-Silvio-Salvato-300x300.jpeg 300w, https:\/\/folhadosudeste.com\/site\/wp-content\/uploads\/2022\/06\/Planejamento-Silvio-Salvato-768x768.jpeg 768w, https:\/\/folhadosudeste.com\/site\/wp-content\/uploads\/2022\/06\/Planejamento-Silvio-Salvato-1024x1024.jpeg 1024w\" sizes=\"auto, (max-width: 1280px) 100vw, 1280px\" \/><\/a> <a href=\"http:\/\/folhadosudeste.com\/site\/wp-content\/uploads\/2022\/06\/Obras-P\u00fablicas-titular-Jorge-F\u00e9res-Filho.jpeg\"><img loading=\"lazy\" decoding=\"async\" class=\"alignnone size-full wp-image-82708\" src=\"http:\/\/folhadosudeste.com\/site\/wp-content\/uploads\/2022\/06\/Obras-P\u00fablicas-titular-Jorge-F\u00e9res-Filho.jpeg\" alt=\"\" width=\"1280\" height=\"1280\" srcset=\"https:\/\/folhadosudeste.com\/site\/wp-content\/uploads\/2022\/06\/Obras-P\u00fablicas-titular-Jorge-F\u00e9res-Filho.jpeg 1280w, https:\/\/folhadosudeste.com\/site\/wp-content\/uploads\/2022\/06\/Obras-P\u00fablicas-titular-Jorge-F\u00e9res-Filho-150x150.jpeg 150w, https:\/\/folhadosudeste.com\/site\/wp-content\/uploads\/2022\/06\/Obras-P\u00fablicas-titular-Jorge-F\u00e9res-Filho-300x300.jpeg 300w, https:\/\/folhadosudeste.com\/site\/wp-content\/uploads\/2022\/06\/Obras-P\u00fablicas-titular-Jorge-F\u00e9res-Filho-768x768.jpeg 768w, https:\/\/folhadosudeste.com\/site\/wp-content\/uploads\/2022\/06\/Obras-P\u00fablicas-titular-Jorge-F\u00e9res-Filho-1024x1024.jpeg 1024w\" sizes=\"auto, (max-width: 1280px) 100vw, 1280px\" \/><\/a> <a href=\"http:\/\/folhadosudeste.com\/site\/wp-content\/uploads\/2022\/06\/Sa\u00fade-titular-Luiza-Agostini.jpeg\"><img loading=\"lazy\" decoding=\"async\" class=\"alignnone size-full wp-image-82709\" src=\"http:\/\/folhadosudeste.com\/site\/wp-content\/uploads\/2022\/06\/Sa\u00fade-titular-Luiza-Agostini.jpeg\" alt=\"\" width=\"1280\" height=\"1280\" srcset=\"https:\/\/folhadosudeste.com\/site\/wp-content\/uploads\/2022\/06\/Sa\u00fade-titular-Luiza-Agostini.jpeg 1280w, https:\/\/folhadosudeste.com\/site\/wp-content\/uploads\/2022\/06\/Sa\u00fade-titular-Luiza-Agostini-150x150.jpeg 150w, https:\/\/folhadosudeste.com\/site\/wp-content\/uploads\/2022\/06\/Sa\u00fade-titular-Luiza-Agostini-300x300.jpeg 300w, https:\/\/folhadosudeste.com\/site\/wp-content\/uploads\/2022\/06\/Sa\u00fade-titular-Luiza-Agostini-768x768.jpeg 768w, https:\/\/folhadosudeste.com\/site\/wp-content\/uploads\/2022\/06\/Sa\u00fade-titular-Luiza-Agostini-1024x1024.jpeg 1024w\" sizes=\"auto, (max-width: 1280px) 100vw, 1280px\" \/><\/a> <a href=\"http:\/\/folhadosudeste.com\/site\/wp-content\/uploads\/2022\/06\/Urbanismo-Mauro-Francisco-de-Aquino.jpeg\"><img loading=\"lazy\" decoding=\"async\" class=\"alignnone size-full wp-image-82711\" src=\"http:\/\/folhadosudeste.com\/site\/wp-content\/uploads\/2022\/06\/Urbanismo-Mauro-Francisco-de-Aquino.jpeg\" alt=\"\" width=\"958\" height=\"958\" srcset=\"https:\/\/folhadosudeste.com\/site\/wp-content\/uploads\/2022\/06\/Urbanismo-Mauro-Francisco-de-Aquino.jpeg 958w, https:\/\/folhadosudeste.com\/site\/wp-content\/uploads\/2022\/06\/Urbanismo-Mauro-Francisco-de-Aquino-150x150.jpeg 150w, https:\/\/folhadosudeste.com\/site\/wp-content\/uploads\/2022\/06\/Urbanismo-Mauro-Francisco-de-Aquino-300x300.jpeg 300w, https:\/\/folhadosudeste.com\/site\/wp-content\/uploads\/2022\/06\/Urbanismo-Mauro-Francisco-de-Aquino-768x768.jpeg 768w\" sizes=\"auto, (max-width: 958px) 100vw, 958px\" \/><\/a> <a href=\"http:\/\/folhadosudeste.com\/site\/wp-content\/uploads\/2022\/06\/Controle-Interno-Danilo-Murta.jpeg\"><img loading=\"lazy\" decoding=\"async\" class=\"alignnone size-full wp-image-82712\" src=\"http:\/\/folhadosudeste.com\/site\/wp-content\/uploads\/2022\/06\/Controle-Interno-Danilo-Murta.jpeg\" alt=\"\" width=\"1280\" height=\"1280\" srcset=\"https:\/\/folhadosudeste.com\/site\/wp-content\/uploads\/2022\/06\/Controle-Interno-Danilo-Murta.jpeg 1280w, https:\/\/folhadosudeste.com\/site\/wp-content\/uploads\/2022\/06\/Controle-Interno-Danilo-Murta-150x150.jpeg 150w, https:\/\/folhadosudeste.com\/site\/wp-content\/uploads\/2022\/06\/Controle-Interno-Danilo-Murta-300x300.jpeg 300w, https:\/\/folhadosudeste.com\/site\/wp-content\/uploads\/2022\/06\/Controle-Interno-Danilo-Murta-768x768.jpeg 768w, https:\/\/folhadosudeste.com\/site\/wp-content\/uploads\/2022\/06\/Controle-Interno-Danilo-Murta-1024x1024.jpeg 1024w\" sizes=\"auto, (max-width: 1280px) 100vw, 1280px\" \/><\/a> <a href=\"http:\/\/folhadosudeste.com\/site\/wp-content\/uploads\/2022\/06\/Sa\u00fade-adjunto-V\u00edtor-Dias-Vasconcelos-de-Almeida.jpeg\"><img loading=\"lazy\" decoding=\"async\" class=\"alignnone size-full wp-image-82713\" src=\"http:\/\/folhadosudeste.com\/site\/wp-content\/uploads\/2022\/06\/Sa\u00fade-adjunto-V\u00edtor-Dias-Vasconcelos-de-Almeida.jpeg\" alt=\"\" width=\"1280\" height=\"1280\" srcset=\"https:\/\/folhadosudeste.com\/site\/wp-content\/uploads\/2022\/06\/Sa\u00fade-adjunto-V\u00edtor-Dias-Vasconcelos-de-Almeida.jpeg 1280w, https:\/\/folhadosudeste.com\/site\/wp-content\/uploads\/2022\/06\/Sa\u00fade-adjunto-V\u00edtor-Dias-Vasconcelos-de-Almeida-150x150.jpeg 150w, https:\/\/folhadosudeste.com\/site\/wp-content\/uploads\/2022\/06\/Sa\u00fade-adjunto-V\u00edtor-Dias-Vasconcelos-de-Almeida-300x300.jpeg 300w, https:\/\/folhadosudeste.com\/site\/wp-content\/uploads\/2022\/06\/Sa\u00fade-adjunto-V\u00edtor-Dias-Vasconcelos-de-Almeida-768x768.jpeg 768w, https:\/\/folhadosudeste.com\/site\/wp-content\/uploads\/2022\/06\/Sa\u00fade-adjunto-V\u00edtor-Dias-Vasconcelos-de-Almeida-1024x1024.jpeg 1024w\" sizes=\"auto, (max-width: 1280px) 100vw, 1280px\" \/><\/a> <a href=\"http:\/\/folhadosudeste.com\/site\/wp-content\/uploads\/2022\/06\/Demuttran-M\u00e1rio-L\u00facio-Brambila.jpeg\"><img loading=\"lazy\" decoding=\"async\" class=\"alignnone size-full wp-image-82714\" src=\"http:\/\/folhadosudeste.com\/site\/wp-content\/uploads\/2022\/06\/Demuttran-M\u00e1rio-L\u00facio-Brambila.jpeg\" alt=\"\" width=\"958\" height=\"959\" srcset=\"https:\/\/folhadosudeste.com\/site\/wp-content\/uploads\/2022\/06\/Demuttran-M\u00e1rio-L\u00facio-Brambila.jpeg 958w, https:\/\/folhadosudeste.com\/site\/wp-content\/uploads\/2022\/06\/Demuttran-M\u00e1rio-L\u00facio-Brambila-150x150.jpeg 150w, https:\/\/folhadosudeste.com\/site\/wp-content\/uploads\/2022\/06\/Demuttran-M\u00e1rio-L\u00facio-Brambila-300x300.jpeg 300w, https:\/\/folhadosudeste.com\/site\/wp-content\/uploads\/2022\/06\/Demuttran-M\u00e1rio-L\u00facio-Brambila-768x769.jpeg 768w\" sizes=\"auto, (max-width: 958px) 100vw, 958px\" \/><\/a><\/div>\n<\/div>\n<\/div>\n<div id=\":v8\" class=\"hq gt\" style=\"text-align: justify;\">&nbsp;<\/div>\n","protected":false},"excerpt":{"rendered":"<p>O prefeito Marcos Guarino anunciou na manh\u00e3 desta quarta-feira (22) a equipe de secretariado municipal para o prosseguimento do per\u00edodo administrativo 2021-2024. &nbsp; Aconteceram mudan\u00e7as na Procuradoria Geral do Munic\u00edpio e nas secretarias de Governo, Desenvolvimento Social e Planejamento, al\u00e9m do Controle Interno e do Departamento de Transportes e Tr\u00e2nsito (Demuttran). &nbsp; J\u00e1 na Sa\u00fade, [&hellip;]<\/p>\n","protected":false},"author":6,"featured_media":0,"comment_status":"open","ping_status":"closed","sticky":false,"template":"","format":"standard","meta":{"_joinchat":[],"footnotes":""},"categories":[1],"tags":[],"class_list":["post-82702","post","type-post","status-publish","format-standard","hentry","category-sem-categoria"],"_links":{"self":[{"href":"https:\/\/folhadosudeste.com\/site\/index.php?rest_route=\/wp\/v2\/posts\/82702","targetHints":{"allow":["GET"]}}],"collection":[{"href":"https:\/\/folhadosudeste.com\/site\/index.php?rest_route=\/wp\/v2\/posts"}],"about":[{"href":"https:\/\/folhadosudeste.com\/site\/index.php?rest_route=\/wp\/v2\/types\/post"}],"author":[{"embeddable":true,"href":"https:\/\/folhadosudeste.com\/site\/index.php?rest_route=\/wp\/v2\/users\/6"}],"replies":[{"embeddable":true,"href":"https:\/\/folhadosudeste.com\/site\/index.php?rest_route=%2Fwp%2Fv2%2Fcomments&post=82702"}],"version-history":[{"count":1,"href":"https:\/\/folhadosudeste.com\/site\/index.php?rest_route=\/wp\/v2\/posts\/82702\/revisions"}],"predecessor-version":[{"id":82715,"href":"https:\/\/folhadosudeste.com\/site\/index.php?rest_route=\/wp\/v2\/posts\/82702\/revisions\/82715"}],"wp:attachment":[{"href":"https:\/\/folhadosudeste.com\/site\/index.php?rest_route=%2Fwp%2Fv2%2Fmedia&parent=82702"}],"wp:term":[{"taxonomy":"category","embeddable":true,"href":"https:\/\/folhadosudeste.com\/site\/index.php?rest_route=%2Fwp%2Fv2%2Fcategories&post=82702"},{"taxonomy":"post_tag","embeddable":true,"href":"https:\/\/folhadosudeste.com\/site\/index.php?rest_route=%2Fwp%2Fv2%2Ftags&post=82702"}],"curies":[{"name":"wp","href":"https:\/\/api.w.org\/{rel}","templated":true}]}}