{"id":82717,"date":"2022-06-22T19:15:33","date_gmt":"2022-06-22T19:15:33","guid":{"rendered":"http:\/\/folhadosudeste.com\/site\/?p=82717"},"modified":"2022-06-22T19:25:55","modified_gmt":"2022-06-22T19:25:55","slug":"camara-de-muriae-economiza-mais-de-r-300-mil-no-primeiro-trimestre-de-2022","status":"publish","type":"post","link":"https:\/\/folhadosudeste.com\/site\/?p=82717","title":{"rendered":"C\u00e2mara de Muria\u00e9 economiza mais de R$ 300 mil no primeiro trimestre de 2022"},"content":{"rendered":"<p><a href=\"http:\/\/folhadosudeste.com\/site\/wp-content\/uploads\/2022\/06\/MOTORISTAS-DE-APLICATIVOS-E-PRESIDENTE.jpg\"><img loading=\"lazy\" decoding=\"async\" class=\"alignnone size-full wp-image-82718\" src=\"http:\/\/folhadosudeste.com\/site\/wp-content\/uploads\/2022\/06\/MOTORISTAS-DE-APLICATIVOS-E-PRESIDENTE.jpg\" alt=\"\" width=\"1000\" height=\"563\" srcset=\"https:\/\/folhadosudeste.com\/site\/wp-content\/uploads\/2022\/06\/MOTORISTAS-DE-APLICATIVOS-E-PRESIDENTE.jpg 1000w, https:\/\/folhadosudeste.com\/site\/wp-content\/uploads\/2022\/06\/MOTORISTAS-DE-APLICATIVOS-E-PRESIDENTE-300x169.jpg 300w, https:\/\/folhadosudeste.com\/site\/wp-content\/uploads\/2022\/06\/MOTORISTAS-DE-APLICATIVOS-E-PRESIDENTE-768x432.jpg 768w\" sizes=\"auto, (max-width: 1000px) 100vw, 1000px\" \/><\/a><\/p>\n<p style=\"font-weight: 400; text-align: justify;\"><em><strong>C\u00e2mara de Muria\u00e9 destina mais de R$ 300 mil economizados no 1\u00ba Trimestre para cirurgias eletivas gratuitas e entidades<\/strong><\/em><\/p>\n<p style=\"font-weight: 400; text-align: justify;\">Na sess\u00e3o deste ter\u00e7a-feira, 21 de junho, o presidente Ciso (PL) anunciou a economia de mais de R$ 300 mil que a C\u00e2mara teve em suas despesas apenas nos tr\u00eas primeiros meses do ano, o que permitiu o repasse destes recursos para que a Secretaria Municipal de Sa\u00fade realize cirurgias eletivas gratuitas e tamb\u00e9m a destina\u00e7\u00e3o, a algumas entidades do Munic\u00edpio. Foram discutidos e aprovados oito projetos de Lei, dentre eles, o que beneficia os trabalhadores de aplicativos da cidade, com a prorroga\u00e7\u00e3o do prazo de ingresso no sistema e os que autorizam a abertura de cr\u00e9ditos de mais de R$ 6 milh\u00f5es para investir em praticamente todas as \u00e1reas de atua\u00e7\u00e3o do Executivo no munic\u00edpio. A sess\u00e3o ainda contou com entregas de Mo\u00e7\u00f5es de Congratula\u00e7\u00f5es e Aplausos a atletas e educador e homenagens a ex-secret\u00e1ria municipal de Desenvolvimento Social, Eveline Amaral, que deixou o cargo na \u00faltima semana e participava da sess\u00e3o.<\/p>\n<p style=\"font-weight: 400; text-align: justify;\">&nbsp;<\/p>\n<p style=\"font-weight: 400; text-align: justify;\"><strong>C\u00e2mara economiza e destina recursos principalmente para a \u00e1rea de Sa\u00fade<\/strong><\/p>\n<p style=\"font-weight: 400; text-align: justify;\">No decorrer da reuni\u00e3o ordin\u00e1ria desta ter\u00e7a (21\/06) o presidente da C\u00e2mara de Muria\u00e9, vereador Ciso (PL) anunciou a destina\u00e7\u00e3o de mais de R$ 300 mil, economizados pelo Legislativo Municipal no primeiro trimestre (janeiro, fevereiro e mar\u00e7o) para cirurgias eletivas gratuitas na Secretaria Municipal de Sa\u00fade e para algumas entidades. Ciso informou que a gest\u00e3o transparente, respons\u00e1vel e focada na redu\u00e7\u00e3o dos gastos p\u00fablicos segue at\u00e9 o final do ano e que pretende ainda repassar mais recursos a \u00e1reas carentes de investimento no Munic\u00edpio de Muria\u00e9.<!--more--><\/p>\n<p style=\"font-weight: 400; text-align: justify;\"><strong>Motoristas de aplicativos ganham mais prazo para ingressar no sistema<\/strong><\/p>\n<p style=\"font-weight: 400; text-align: justify;\">Por meio do Projeto de Lei 111\/2022, de autoria do Executivo, os vereadores autorizaram a prorroga\u00e7\u00e3o tempor\u00e1ria do prazo m\u00e1ximo de ingresso no sistema de transporte remunerado privado de passageiros. Desta forma, os ve\u00edculos utilizados nos modais de transporte privado de passageiros que tenham alcan\u00e7ado a idade limite prevista em Lei, poder\u00e3o ingressar no sistema, ainda, que expirado o prazo de 10 anos da sua fabrica\u00e7\u00e3o, at\u00e9 o dia 31 de dezembro de 2022.<\/p>\n<p style=\"font-weight: 400; text-align: justify;\"><strong>C\u00e2mara aprova mais de R$ 6 milh\u00f5es de abertura cr\u00e9ditos para Executivo<\/strong><\/p>\n<p style=\"font-weight: 400; text-align: justify;\">Por meio dos Projetos de Lei 115\/2022, 116\/2022 e 117\/2022, os vereadores aprovaram mais de R$ 6 milh\u00f5es de abertura de cr\u00e9ditos para serem investidos em todas as \u00e1reas do Executivo.<\/p>\n<p style=\"font-weight: 400; text-align: justify;\">O montante de R$1.119.496,91 ser\u00e1 destinado ao Demsur para pagamento de pessoal, adicionais e encargos sociais, material de consumo e manuten\u00e7\u00e3o do sistema de esgoto. J\u00e1 R$ 109.000,00 \u00e9 para a concess\u00e3o de subven\u00e7\u00f5es na Secretaria Municipal de Desenvolvimento Social. Al\u00e9m disso, R$ 4.834.385,86 ser\u00e3o distribu\u00eddos em:<\/p>\n<p style=\"font-weight: 400; text-align: justify;\">&#8211; Educa\u00e7\u00e3o = R$ 3.475.972,00 (Manuten\u00e7\u00e3o das atividades, material de consumo, pagamento de pessoal e encargos sociais, contrata\u00e7\u00e3o por tempo determinado, merenda escolar;<\/p>\n<p style=\"font-weight: 400; text-align: justify;\">&#8211; Obras P\u00fablicas = 545.000,00 (Pagamento de pessoal e encargos sociais, manuten\u00e7\u00e3o da frota, maquin\u00e1rio e equipamentos, pavimenta\u00e7\u00e3o de vias, manuten\u00e7\u00e3o de redes de energia el\u00e9trica e ilumina\u00e7\u00e3o p\u00fablica e elabora\u00e7\u00e3o e\/ou assessoria t\u00e9cnica para projetos, tipografias e sondagens)<\/p>\n<p style=\"font-weight: 400; text-align: justify;\">&#8211; Desenvolvimento Social = R$ 350.413,86 (Servi\u00e7o de Conviv\u00eancia e Estabelecimento de V\u00ednculos, Contrata\u00e7\u00e3o por tempo determinado, vencimentos e vantagens fixas, material de consumo, equipamentos e material permanente e manuten\u00e7\u00e3o de abrigo institucional para crian\u00e7as e adolescentes);<\/p>\n<p style=\"font-weight: 400; text-align: justify;\">&#8211; Procuradoria Geral do Munic\u00edpio = R$ 266.000,00 (atividades administrativas);<\/p>\n<p style=\"font-weight: 400; text-align: justify;\">&#8211; Gabinete do Prefeito = R$ 94.500,00 (manuten\u00e7\u00e3o das atividades);<\/p>\n<p style=\"font-weight: 400; text-align: justify;\">&#8211; Desenvolvimento Econ\u00f4mico e Rela\u00e7\u00f5es Institucionais = R$ 50.000,00 (Manuten\u00e7\u00e3o das atividades);<\/p>\n<p style=\"font-weight: 400; text-align: justify;\">&#8211; Administra\u00e7\u00e3o = R$ 32.0500,00 (manuten\u00e7\u00e3o das atividades administrativas do Cemit\u00e9rio Municipal e Distrital) e manuten\u00e7\u00e3o da Pol\u00edcia Civil);<\/p>\n<p style=\"font-weight: 400; text-align: justify;\">&#8211; Agricultura = R$ 20.000,00 (cursos e eventos);<\/p>\n<p style=\"font-weight: 400; text-align: justify;\"><strong>Declara\u00e7\u00f5es de Utilidade P\u00fablica e Combate ao Tabagismo<\/strong><\/p>\n<p style=\"font-weight: 400; text-align: justify;\">Estavam entre os projetos discutidos e aprovados, tamb\u00e9m, o de n\u00famero 109\/2022, de autoria do Vereador Gerson Varella (PSL) que declara de Utilidade P\u00fablica a Associa\u00e7\u00e3o dos Moradores do Bairro Porto Belo, pessoa jur\u00eddica de direito privado, sem fins lucrativos. Assim como foi para o Executivo sancionar, o Projeto de Lei 110\/2022, de autoria do vereador Christian Tanus Bahia (PTB), que institui a Semana de Preven\u00e7\u00e3o e Combate ao Tabagismo, que dever\u00e1 ocorrer, anualmente, na \u00faltima semana do m\u00eas de maio, coincidindo com o Dia Mundial Sem Tabaco, que \u00e9 comemorado no data de 31 de maio.<\/p>\n<p style=\"font-weight: 400; text-align: justify;\">&nbsp;<\/p>\n<p style=\"font-weight: 400; text-align: justify;\"><strong>Mo\u00e7\u00f5es a esportistas e professor e homenagens a ex-secret\u00e1ria<\/strong><\/p>\n<p style=\"font-weight: 400; text-align: justify;\">No in\u00edcio da sess\u00e3o, ocorreram entregas de Mo\u00e7\u00f5es de Congratula\u00e7\u00f5es e Aplausos.&nbsp; Devido a vit\u00f3ria no circuito TV Integra\u00e7\u00e3o de&nbsp;<em>Beach Tennis<\/em>, realizado na cidade de Vi\u00e7osa (MG), o&nbsp; Vereador Christian Tanus Bahia homenageou os atletas muriaeenses Arthur Amaral, Enzo Amaral, Enzo Tostes, Fl\u00e1vio Amaral, Guilherme Nobre, Jo\u00e3o Rodrigo de Melo, Pedro Paes, Pedro Schmitz e Saulo Magalh\u00e3es. J\u00e1 o Vereador Celsinho (PSD) entregou Mo\u00e7\u00e3o ao educador f\u00edsico, Emerson de Paula Freitas, pelo trabalho exercido frente as atividades como professor de educa\u00e7\u00e3o f\u00edsica da Escola Estadual Orlando Flores.<\/p>\n<p style=\"font-weight: 400; text-align: justify;\">Presente \u00e0 sess\u00e3o para prestigiar a entrega de Mo\u00e7\u00f5es a filhos e netos, a ex-secret\u00e1ria municipal de Desenvolvimento Social, Eveline Amaral, teve reconhecido seu trabalho por grande maioria dos vereadores que aprovaram uma Mo\u00e7\u00e3o de Congratula\u00e7\u00f5es e Aplausos por sua atua\u00e7\u00e3o n\u00e3o apenas nos \u00faltimos 18 meses desta gest\u00e3o, mas tamb\u00e9m nos oitos anos, entre 2005 e 2012, que esteve \u00e0 frente desta importante pasta do Executivo Municipal.&nbsp;<\/p>\n<p>&nbsp;<\/p>\n","protected":false},"excerpt":{"rendered":"<p>C\u00e2mara de Muria\u00e9 destina mais de R$ 300 mil economizados no 1\u00ba Trimestre para cirurgias eletivas gratuitas e entidades Na sess\u00e3o deste ter\u00e7a-feira, 21 de junho, o presidente Ciso (PL) anunciou a economia de mais de R$ 300 mil que a C\u00e2mara teve em suas despesas apenas nos tr\u00eas primeiros meses do ano, o que [&hellip;]<\/p>\n","protected":false},"author":6,"featured_media":0,"comment_status":"open","ping_status":"closed","sticky":false,"template":"","format":"standard","meta":{"_joinchat":[],"footnotes":""},"categories":[1],"tags":[],"class_list":["post-82717","post","type-post","status-publish","format-standard","hentry","category-sem-categoria"],"_links":{"self":[{"href":"https:\/\/folhadosudeste.com\/site\/index.php?rest_route=\/wp\/v2\/posts\/82717","targetHints":{"allow":["GET"]}}],"collection":[{"href":"https:\/\/folhadosudeste.com\/site\/index.php?rest_route=\/wp\/v2\/posts"}],"about":[{"href":"https:\/\/folhadosudeste.com\/site\/index.php?rest_route=\/wp\/v2\/types\/post"}],"author":[{"embeddable":true,"href":"https:\/\/folhadosudeste.com\/site\/index.php?rest_route=\/wp\/v2\/users\/6"}],"replies":[{"embeddable":true,"href":"https:\/\/folhadosudeste.com\/site\/index.php?rest_route=%2Fwp%2Fv2%2Fcomments&post=82717"}],"version-history":[{"count":1,"href":"https:\/\/folhadosudeste.com\/site\/index.php?rest_route=\/wp\/v2\/posts\/82717\/revisions"}],"predecessor-version":[{"id":82725,"href":"https:\/\/folhadosudeste.com\/site\/index.php?rest_route=\/wp\/v2\/posts\/82717\/revisions\/82725"}],"wp:attachment":[{"href":"https:\/\/folhadosudeste.com\/site\/index.php?rest_route=%2Fwp%2Fv2%2Fmedia&parent=82717"}],"wp:term":[{"taxonomy":"category","embeddable":true,"href":"https:\/\/folhadosudeste.com\/site\/index.php?rest_route=%2Fwp%2Fv2%2Fcategories&post=82717"},{"taxonomy":"post_tag","embeddable":true,"href":"https:\/\/folhadosudeste.com\/site\/index.php?rest_route=%2Fwp%2Fv2%2Ftags&post=82717"}],"curies":[{"name":"wp","href":"https:\/\/api.w.org\/{rel}","templated":true}]}}