{"id":82839,"date":"2022-06-30T12:07:33","date_gmt":"2022-06-30T12:07:33","guid":{"rendered":"http:\/\/folhadosudeste.com\/site\/?p=82839"},"modified":"2022-06-30T12:07:33","modified_gmt":"2022-06-30T12:07:33","slug":"termina-nesta-sexta-1-o-prazo-para-recadastramento-dos-beneficiarios-da-tarifa-social-do-demsur","status":"publish","type":"post","link":"https:\/\/folhadosudeste.com\/site\/?p=82839","title":{"rendered":"Termina nesta sexta (1\u00b0) o prazo para recadastramento dos benefici\u00e1rios da Tarifa Social do Demsur"},"content":{"rendered":"<p><a href=\"http:\/\/folhadosudeste.com\/site\/wp-content\/uploads\/2022\/06\/05C4171F-076A-47AB-84CC-BC72B91DBDF4.jpeg\"><img loading=\"lazy\" decoding=\"async\" class=\"alignnone size-full wp-image-82840\" src=\"http:\/\/folhadosudeste.com\/site\/wp-content\/uploads\/2022\/06\/05C4171F-076A-47AB-84CC-BC72B91DBDF4.jpeg\" alt=\"\" width=\"634\" height=\"634\" srcset=\"https:\/\/folhadosudeste.com\/site\/wp-content\/uploads\/2022\/06\/05C4171F-076A-47AB-84CC-BC72B91DBDF4.jpeg 634w, https:\/\/folhadosudeste.com\/site\/wp-content\/uploads\/2022\/06\/05C4171F-076A-47AB-84CC-BC72B91DBDF4-150x150.jpeg 150w, https:\/\/folhadosudeste.com\/site\/wp-content\/uploads\/2022\/06\/05C4171F-076A-47AB-84CC-BC72B91DBDF4-300x300.jpeg 300w\" sizes=\"auto, (max-width: 634px) 100vw, 634px\" \/><\/a><\/p>\n<p class=\"s4\" style=\"text-align: justify;\">Os benefici\u00e1rios da Tarifa Social t\u00eam at\u00e9 o dia 1\u00b0 de julho para irem at\u00e9 o Atendimento Presencial do Demsurrealizar o recadastramento no programa, que garante tarifas reduzidas para fam\u00edlias de baixa renda. \u00c9 necess\u00e1rio estar de posse de comprovante de renda de todos os maiores de 16 anos (carteira de trabalho, contracheque, comprovante de benef\u00edcio INSS); comprovante de ser benefici\u00e1rio de algum programa do Governo Federal (baixa renda Energisa, Bolsa Fam\u00edlia, etc.); e, folha de resumo do Cadastro \u00danico do Governo Federal. Toda essa documenta\u00e7\u00e3o \u00e9 apenas para apresenta\u00e7\u00e3o, n\u00e3o precisa de entregar a c\u00f3pia.<\/p>\n<p class=\"s4\" style=\"text-align: justify;\">O atendimento presencial fica localizado no centro da cidade, na Rua Sinval Flor\u00eancio da Silva \u2013 regi\u00e3o da antiga feira do Centro, anexo ao CD Modas \u2013 e funciona de 7h30 \u00e0s 11h30 e de 13h \u00e0s 17h.<\/p>\n<p><!--more--><\/p>\n<p class=\"s4\" style=\"text-align: justify;\">Este recadastramento \u00e9 uma exig\u00eancia da lei n\u00b0 4.732\/2014 que diz em seu artigo 8 que \u201co benef\u00edcio dever\u00e1 ser revisto a cada per\u00edodo de um ano para avalia\u00e7\u00e3o a continuidade das condi\u00e7\u00f5es que lhe deram origem\u201d. &nbsp;No entanto, desde o in\u00edcio da pandemia do COVID-19 o corte do benef\u00edcio por falta de recadastramento ficou suspenso.<\/p>\n<p class=\"s4\" style=\"text-align: justify;\">Por isso, o Demsur est\u00e1 garantindo o prazo para que todos possam regularizar a situa\u00e7\u00e3o.<\/p>\n<p class=\"s4\"><span class=\"s5\">Participa\u00e7\u00e3o No Programa<\/span><span class=\"s5\"> Tarifa Social do <\/span><span class=\"s5\">Demsur<\/span><\/p>\n<p class=\"s4\" style=\"text-align: justify;\">Para participar deste programa \u00e9 necess\u00e1rio que a fam\u00edlia seja de baixa renda, tendo renda mensal familiar de at\u00e9 1,5 sal\u00e1rios m\u00ednimos, estar inscrita no CAD\u00daNICO, possuidora de im\u00f3vel com metragem m\u00e1xima de 60m<span class=\"s6\">2<\/span> de uso exclusivamente residencial, consumo mensal de at\u00e9 15m<span class=\"s6\">3<\/span>, possuir hidr\u00f4metro individual no im\u00f3vel, ser benefici\u00e1rio de algum programa do governo federal (baixa renda Energisa, Bolsa Fam\u00edlia, etc.)<\/p>\n<p class=\"s4\" style=\"text-align: justify;\">Se a fam\u00edlia estiver dentro dos requisitos, basta procurar a Central de Atendimento Presencial \u00e0s segundas, quartas e sextas-feiras de 7h30 \u00e0s 11h30 e ter\u00e7as e quintas de 13h \u00e0s 17h, de posse dos documentos originais e xerox que comprovem o cumprimento dos requisitos.<\/p>\n<p class=\"s4\" style=\"text-align: justify;\">Para outras informa\u00e7\u00f5es ou esclarecimentos, basta entrar em contato com a Central de Atendimento Telef\u00f4nico, atrav\u00e9s do 115.<\/p>\n<p>&nbsp;<\/p>\n","protected":false},"excerpt":{"rendered":"<p>Os benefici\u00e1rios da Tarifa Social t\u00eam at\u00e9 o dia 1\u00b0 de julho para irem at\u00e9 o Atendimento Presencial do Demsurrealizar o recadastramento no programa, que garante tarifas reduzidas para fam\u00edlias de baixa renda. \u00c9 necess\u00e1rio estar de posse de comprovante de renda de todos os maiores de 16 anos (carteira de trabalho, contracheque, comprovante de [&hellip;]<\/p>\n","protected":false},"author":6,"featured_media":0,"comment_status":"open","ping_status":"closed","sticky":false,"template":"","format":"standard","meta":{"_joinchat":[],"footnotes":""},"categories":[1],"tags":[],"class_list":["post-82839","post","type-post","status-publish","format-standard","hentry","category-sem-categoria"],"_links":{"self":[{"href":"https:\/\/folhadosudeste.com\/site\/index.php?rest_route=\/wp\/v2\/posts\/82839","targetHints":{"allow":["GET"]}}],"collection":[{"href":"https:\/\/folhadosudeste.com\/site\/index.php?rest_route=\/wp\/v2\/posts"}],"about":[{"href":"https:\/\/folhadosudeste.com\/site\/index.php?rest_route=\/wp\/v2\/types\/post"}],"author":[{"embeddable":true,"href":"https:\/\/folhadosudeste.com\/site\/index.php?rest_route=\/wp\/v2\/users\/6"}],"replies":[{"embeddable":true,"href":"https:\/\/folhadosudeste.com\/site\/index.php?rest_route=%2Fwp%2Fv2%2Fcomments&post=82839"}],"version-history":[{"count":1,"href":"https:\/\/folhadosudeste.com\/site\/index.php?rest_route=\/wp\/v2\/posts\/82839\/revisions"}],"predecessor-version":[{"id":82841,"href":"https:\/\/folhadosudeste.com\/site\/index.php?rest_route=\/wp\/v2\/posts\/82839\/revisions\/82841"}],"wp:attachment":[{"href":"https:\/\/folhadosudeste.com\/site\/index.php?rest_route=%2Fwp%2Fv2%2Fmedia&parent=82839"}],"wp:term":[{"taxonomy":"category","embeddable":true,"href":"https:\/\/folhadosudeste.com\/site\/index.php?rest_route=%2Fwp%2Fv2%2Fcategories&post=82839"},{"taxonomy":"post_tag","embeddable":true,"href":"https:\/\/folhadosudeste.com\/site\/index.php?rest_route=%2Fwp%2Fv2%2Ftags&post=82839"}],"curies":[{"name":"wp","href":"https:\/\/api.w.org\/{rel}","templated":true}]}}