{"id":82882,"date":"2022-07-04T02:36:26","date_gmt":"2022-07-04T02:36:26","guid":{"rendered":"http:\/\/folhadosudeste.com\/site\/?p=82882"},"modified":"2022-07-04T02:36:26","modified_gmt":"2022-07-04T02:36:26","slug":"ingressos-a-venda-para-a-festa-julina-da-faminas-e-fundacao-cristiano-varella","status":"publish","type":"post","link":"https:\/\/folhadosudeste.com\/site\/?p=82882","title":{"rendered":"Ingressos \u00e0 venda para a Festa Julina da FAMINAS e Funda\u00e7\u00e3o Cristiano Varella"},"content":{"rendered":"<div>\n<div>\n<div><a href=\"http:\/\/folhadosudeste.com\/site\/wp-content\/uploads\/2022\/07\/image.png\"><img loading=\"lazy\" decoding=\"async\" class=\"alignnone  wp-image-82883\" src=\"http:\/\/folhadosudeste.com\/site\/wp-content\/uploads\/2022\/07\/image.png\" alt=\"\" width=\"788\" height=\"315\" srcset=\"https:\/\/folhadosudeste.com\/site\/wp-content\/uploads\/2022\/07\/image.png 600w, https:\/\/folhadosudeste.com\/site\/wp-content\/uploads\/2022\/07\/image-300x120.png 300w\" sizes=\"auto, (max-width: 788px) 100vw, 788px\" \/><\/a>&nbsp;<\/div>\n<div style=\"text-align: justify;\">Os preparativos est\u00e3o a todo o vapor para o arrai\u00e1 mais animado da cidade, que vem acompanhado de muita alegria e solidariedade. A Festa Julina da FAMINAS e da Funda\u00e7\u00e3o Cristiano Varella vai acontecer no pr\u00f3ximo dia 8 de julho, \u00e0s 19h, no Galp\u00e3o da institui\u00e7\u00e3o de ensino. O evento ter\u00e1 toda a renda revertida para o Hospital do C\u00e2ncer de Muria\u00e9.<\/div>\n<div style=\"text-align: justify;\">&nbsp;<\/div>\n<div style=\"text-align: justify;\">A programa\u00e7\u00e3o da festan\u00e7a contar\u00e1 com v\u00e1rias barracas de comidas t\u00edpicas, doces e bebidas, al\u00e9m de muita divers\u00e3o para a crian\u00e7ada, no espa\u00e7o kids e na tradicional pescaria. A m\u00fasica ficar\u00e1 por conta da banda Marofagy e do DJ Bruno Bidu.<\/div>\n<div style=\"text-align: justify;\">&nbsp;<\/div>\n<div style=\"text-align: justify;\">Os ingressos j\u00e1 est\u00e3o dispon\u00edveis, no valor de R$ 20, nos seguintes pontos de venda:<\/div>\n<\/div>\n<\/div>\n<p><!--more--><\/p>\n<div>\n<div>\n<div style=\"text-align: justify;\"><b>FUNDA\u00c7\u00c3O CRISTIANO VARELLA<\/b><\/div>\n<div style=\"text-align: justify;\">&#8211; Memorial (pix, cart\u00e3o de cr\u00e9dito e dinheiro)<\/div>\n<div style=\"text-align: justify;\">&#8211; Belloni Restaurante \u2013 Cantina do Bloco II (dinheiro)<\/div>\n<div style=\"text-align: justify;\">&nbsp;<\/div>\n<div style=\"text-align: justify;\"><b>FAMINAS<\/b><\/div>\n<div style=\"text-align: justify;\">&#8211; Central de Atendimento ao Aluno (dinheiro)<\/div>\n<div style=\"text-align: justify;\">&#8211; Restaurante Suzy Belloni (dinheiro)<\/div>\n<div style=\"text-align: justify;\">&nbsp;<\/div>\n<div style=\"text-align: justify;\"><b>LOJAS OFF CELL<\/b><\/div>\n<div style=\"text-align: justify;\">&#8211; Unidades do Centro e Barra (dinheiro)<\/div>\n<div style=\"text-align: justify;\">&nbsp;<\/div>\n<div style=\"text-align: justify;\">Crian\u00e7as de at\u00e9 12 anos, acompanhadas dos respons\u00e1veis, n\u00e3o pagam.<\/div>\n<div style=\"text-align: justify;\">&nbsp;<\/div>\n<p>Mais informa\u00e7\u00f5es podem ser obtidas no n\u00famero (32) 3729-7062.<\/p><\/div>\n<\/div>\n","protected":false},"excerpt":{"rendered":"<p>&nbsp; Os preparativos est\u00e3o a todo o vapor para o arrai\u00e1 mais animado da cidade, que vem acompanhado de muita alegria e solidariedade. A Festa Julina da FAMINAS e da Funda\u00e7\u00e3o Cristiano Varella vai acontecer no pr\u00f3ximo dia 8 de julho, \u00e0s 19h, no Galp\u00e3o da institui\u00e7\u00e3o de ensino. O evento ter\u00e1 toda a renda [&hellip;]<\/p>\n","protected":false},"author":6,"featured_media":0,"comment_status":"open","ping_status":"closed","sticky":false,"template":"","format":"standard","meta":{"_joinchat":[],"footnotes":""},"categories":[1],"tags":[],"class_list":["post-82882","post","type-post","status-publish","format-standard","hentry","category-sem-categoria"],"_links":{"self":[{"href":"https:\/\/folhadosudeste.com\/site\/index.php?rest_route=\/wp\/v2\/posts\/82882","targetHints":{"allow":["GET"]}}],"collection":[{"href":"https:\/\/folhadosudeste.com\/site\/index.php?rest_route=\/wp\/v2\/posts"}],"about":[{"href":"https:\/\/folhadosudeste.com\/site\/index.php?rest_route=\/wp\/v2\/types\/post"}],"author":[{"embeddable":true,"href":"https:\/\/folhadosudeste.com\/site\/index.php?rest_route=\/wp\/v2\/users\/6"}],"replies":[{"embeddable":true,"href":"https:\/\/folhadosudeste.com\/site\/index.php?rest_route=%2Fwp%2Fv2%2Fcomments&post=82882"}],"version-history":[{"count":1,"href":"https:\/\/folhadosudeste.com\/site\/index.php?rest_route=\/wp\/v2\/posts\/82882\/revisions"}],"predecessor-version":[{"id":82885,"href":"https:\/\/folhadosudeste.com\/site\/index.php?rest_route=\/wp\/v2\/posts\/82882\/revisions\/82885"}],"wp:attachment":[{"href":"https:\/\/folhadosudeste.com\/site\/index.php?rest_route=%2Fwp%2Fv2%2Fmedia&parent=82882"}],"wp:term":[{"taxonomy":"category","embeddable":true,"href":"https:\/\/folhadosudeste.com\/site\/index.php?rest_route=%2Fwp%2Fv2%2Fcategories&post=82882"},{"taxonomy":"post_tag","embeddable":true,"href":"https:\/\/folhadosudeste.com\/site\/index.php?rest_route=%2Fwp%2Fv2%2Ftags&post=82882"}],"curies":[{"name":"wp","href":"https:\/\/api.w.org\/{rel}","templated":true}]}}