{"id":82964,"date":"2022-07-05T13:39:00","date_gmt":"2022-07-05T13:39:00","guid":{"rendered":"http:\/\/folhadosudeste.com\/site\/?p=82964"},"modified":"2022-07-05T13:39:00","modified_gmt":"2022-07-05T13:39:00","slug":"procon-fiscaliza-preco-de-combustiveis-em-postos-de-muriae","status":"publish","type":"post","link":"https:\/\/folhadosudeste.com\/site\/?p=82964","title":{"rendered":"Procon fiscaliza pre\u00e7o de combust\u00edveis em postos de Muria\u00e9"},"content":{"rendered":"<div dir=\"ltr\"><a href=\"http:\/\/folhadosudeste.com\/site\/wp-content\/uploads\/2022\/07\/WhatsApp-Image-2022-07-04-at-15.53.10.jpeg\"><img loading=\"lazy\" decoding=\"async\" class=\"alignnone  wp-image-82965\" src=\"http:\/\/folhadosudeste.com\/site\/wp-content\/uploads\/2022\/07\/WhatsApp-Image-2022-07-04-at-15.53.10.jpeg\" alt=\"\" width=\"791\" height=\"593\" srcset=\"https:\/\/folhadosudeste.com\/site\/wp-content\/uploads\/2022\/07\/WhatsApp-Image-2022-07-04-at-15.53.10.jpeg 524w, https:\/\/folhadosudeste.com\/site\/wp-content\/uploads\/2022\/07\/WhatsApp-Image-2022-07-04-at-15.53.10-300x225.jpeg 300w\" sizes=\"auto, (max-width: 791px) 100vw, 791px\" \/><\/a><\/div>\n<div dir=\"ltr\">&nbsp;<\/div>\n<div dir=\"ltr\" style=\"text-align: justify;\">A equipe do Procon de Muria\u00e9 iniciou nesta segunda-feira a fiscaliza\u00e7\u00e3o do pre\u00e7o dos combust\u00edveis nos postos, ap\u00f3s a redu\u00e7\u00e3o do ICMS no estado de Minas Gerais.<\/div>\n<div dir=\"ltr\">\n<p style=\"text-align: justify;\">Ficou constatado que os estabelecimentos ainda n\u00e3o receberam mercadoria ap\u00f3s a redu\u00e7\u00e3o da al\u00edquota, por isso ainda n\u00e3o houve altera\u00e7\u00e3o de pre\u00e7o nas bombas em rela\u00e7\u00e3o ao dia 1 de julho.<\/p>\n<p style=\"text-align: justify;\">Os propriet\u00e1rios dos postos argumentaram ainda que os descontos ser\u00e3o graduais, uma vez que &#8220;o repasse depende dos estoques das distribuidoras&#8221;.<\/p>\n<p style=\"text-align: justify;\">O trabalho de fiscaliza\u00e7\u00e3o prosseguir\u00e1 ao longo dos pr\u00f3ximos dias para garantir que a altera\u00e7\u00e3o dos valores seja repassada aos consumidores de forma adequada.<\/p>\n<\/div>\n","protected":false},"excerpt":{"rendered":"<p>&nbsp; A equipe do Procon de Muria\u00e9 iniciou nesta segunda-feira a fiscaliza\u00e7\u00e3o do pre\u00e7o dos combust\u00edveis nos postos, ap\u00f3s a redu\u00e7\u00e3o do ICMS no estado de Minas Gerais. Ficou constatado que os estabelecimentos ainda n\u00e3o receberam mercadoria ap\u00f3s a redu\u00e7\u00e3o da al\u00edquota, por isso ainda n\u00e3o houve altera\u00e7\u00e3o de pre\u00e7o nas bombas em rela\u00e7\u00e3o ao [&hellip;]<\/p>\n","protected":false},"author":6,"featured_media":0,"comment_status":"open","ping_status":"closed","sticky":false,"template":"","format":"standard","meta":{"_joinchat":[],"footnotes":""},"categories":[1],"tags":[],"class_list":["post-82964","post","type-post","status-publish","format-standard","hentry","category-sem-categoria"],"_links":{"self":[{"href":"https:\/\/folhadosudeste.com\/site\/index.php?rest_route=\/wp\/v2\/posts\/82964","targetHints":{"allow":["GET"]}}],"collection":[{"href":"https:\/\/folhadosudeste.com\/site\/index.php?rest_route=\/wp\/v2\/posts"}],"about":[{"href":"https:\/\/folhadosudeste.com\/site\/index.php?rest_route=\/wp\/v2\/types\/post"}],"author":[{"embeddable":true,"href":"https:\/\/folhadosudeste.com\/site\/index.php?rest_route=\/wp\/v2\/users\/6"}],"replies":[{"embeddable":true,"href":"https:\/\/folhadosudeste.com\/site\/index.php?rest_route=%2Fwp%2Fv2%2Fcomments&post=82964"}],"version-history":[{"count":1,"href":"https:\/\/folhadosudeste.com\/site\/index.php?rest_route=\/wp\/v2\/posts\/82964\/revisions"}],"predecessor-version":[{"id":82966,"href":"https:\/\/folhadosudeste.com\/site\/index.php?rest_route=\/wp\/v2\/posts\/82964\/revisions\/82966"}],"wp:attachment":[{"href":"https:\/\/folhadosudeste.com\/site\/index.php?rest_route=%2Fwp%2Fv2%2Fmedia&parent=82964"}],"wp:term":[{"taxonomy":"category","embeddable":true,"href":"https:\/\/folhadosudeste.com\/site\/index.php?rest_route=%2Fwp%2Fv2%2Fcategories&post=82964"},{"taxonomy":"post_tag","embeddable":true,"href":"https:\/\/folhadosudeste.com\/site\/index.php?rest_route=%2Fwp%2Fv2%2Ftags&post=82964"}],"curies":[{"name":"wp","href":"https:\/\/api.w.org\/{rel}","templated":true}]}}