{"id":82977,"date":"2022-07-05T14:15:45","date_gmt":"2022-07-05T14:15:45","guid":{"rendered":"http:\/\/folhadosudeste.com\/site\/?p=82977"},"modified":"2022-07-05T14:15:45","modified_gmt":"2022-07-05T14:15:45","slug":"nesta-quinta-feira-faminas-recebe-mais-uma-edicao-do-casamento-comunitario","status":"publish","type":"post","link":"https:\/\/folhadosudeste.com\/site\/?p=82977","title":{"rendered":"Nesta quinta-feira, FAMINAS recebe mais uma edi\u00e7\u00e3o do Casamento Comunit\u00e1rio"},"content":{"rendered":"<p><a href=\"http:\/\/folhadosudeste.com\/site\/wp-content\/uploads\/2022\/07\/Casamento-Comunit\u00e1rio-2022-1-1.png\"><img loading=\"lazy\" decoding=\"async\" class=\"alignnone  wp-image-82978\" src=\"http:\/\/folhadosudeste.com\/site\/wp-content\/uploads\/2022\/07\/Casamento-Comunit\u00e1rio-2022-1-1.png\" alt=\"\" width=\"813\" height=\"614\" srcset=\"https:\/\/folhadosudeste.com\/site\/wp-content\/uploads\/2022\/07\/Casamento-Comunit\u00e1rio-2022-1-1.png 657w, https:\/\/folhadosudeste.com\/site\/wp-content\/uploads\/2022\/07\/Casamento-Comunit\u00e1rio-2022-1-1-300x226.png 300w\" sizes=\"auto, (max-width: 813px) 100vw, 813px\" \/><\/a><\/p>\n<p style=\"text-align: justify;\">A FAMINAS vai abrir suas portas para 180 casais, que v\u00e3o poder oficializar a uni\u00e3o civil durante a 2\u00aa edi\u00e7\u00e3o da cerim\u00f4nia do&nbsp;Casamento&nbsp;Comunit\u00e1rio. Uma realiza\u00e7\u00e3o do curso de Direito da institui\u00e7\u00e3o de ensino, em parceria com o Tribunal de Justi\u00e7a de Minas Gerais (TJMG), por meio do Centro Judici\u00e1rio de Solu\u00e7\u00e3o de Conflitos e Cidadania (Cejusc), e o Cart\u00f3rio de Registro Civil de Pessoas Naturais de Muria\u00e9, o evento acontece nesta quinta-feira, dia 7 de julho.&nbsp;<\/p>\n<p style=\"text-align: justify;\">A celebra\u00e7\u00e3o vai acontecer em dois blocos (\u00e0s 16h e \u00e0s 19h), no Sal\u00e3o Nobre da FAMINAS, com a participa\u00e7\u00e3o de 90 casais em cada um deles. Ser\u00e1 uma cerim\u00f4nia ecum\u00eanica, presidida pelo Juiz Juliano Carneiro Veiga, titular do Cejusc da comarca de Muria\u00e9. Os casais, assim que chegarem, ter\u00e3o \u00e0 disposi\u00e7\u00e3o pain\u00e9is tem\u00e1ticos e ornamentados para poder registrar o momento.&nbsp;<\/p>\n<p style=\"text-align: justify;\">O&nbsp;Casamento&nbsp;Comunit\u00e1rio \u00e9 a \u00faltima etapa do projeto &#8220;Mutir\u00e3o do&nbsp;Casamento&nbsp;Civil&#8221;, que prev\u00ea a regulariza\u00e7\u00e3o do estado civil de casais que vivem juntos h\u00e1 mais de um ano, como se j\u00e1 fossem casados. As inscri\u00e7\u00f5es aconteceram ao longo do m\u00eas de mar\u00e7o e todos que estavam dentro dos pr\u00e9-requisitos, inclusive apresentando a documenta\u00e7\u00e3o exigida, foram contemplados com a realiza\u00e7\u00e3o do processo de forma gratuita.&nbsp;<\/p>\n<p><!--more--><\/p>\n<p style=\"text-align: justify;\">A iniciativa conta, ainda, com o apoio da Ordem dos Advogados do Brasil (OAB) \u2013 36\u00aa Subse\u00e7\u00e3o Muria\u00e9 e da Revele Photo.&nbsp;<\/p>\n<p style=\"text-align: justify;\"><a href=\"http:\/\/folhadosudeste.com\/site\/wp-content\/uploads\/2022\/07\/Registros-do-Casamento-Comunit\u00e1rio-de-2021-2-1.jpeg\"><img loading=\"lazy\" decoding=\"async\" class=\"alignnone size-full wp-image-82979\" src=\"http:\/\/folhadosudeste.com\/site\/wp-content\/uploads\/2022\/07\/Registros-do-Casamento-Comunit\u00e1rio-de-2021-2-1.jpeg\" alt=\"\" width=\"1280\" height=\"853\" srcset=\"https:\/\/folhadosudeste.com\/site\/wp-content\/uploads\/2022\/07\/Registros-do-Casamento-Comunit\u00e1rio-de-2021-2-1.jpeg 1280w, https:\/\/folhadosudeste.com\/site\/wp-content\/uploads\/2022\/07\/Registros-do-Casamento-Comunit\u00e1rio-de-2021-2-1-300x200.jpeg 300w, https:\/\/folhadosudeste.com\/site\/wp-content\/uploads\/2022\/07\/Registros-do-Casamento-Comunit\u00e1rio-de-2021-2-1-768x512.jpeg 768w, https:\/\/folhadosudeste.com\/site\/wp-content\/uploads\/2022\/07\/Registros-do-Casamento-Comunit\u00e1rio-de-2021-2-1-1024x682.jpeg 1024w, https:\/\/folhadosudeste.com\/site\/wp-content\/uploads\/2022\/07\/Registros-do-Casamento-Comunit\u00e1rio-de-2021-2-1-120x80.jpeg 120w, https:\/\/folhadosudeste.com\/site\/wp-content\/uploads\/2022\/07\/Registros-do-Casamento-Comunit\u00e1rio-de-2021-2-1-345x230.jpeg 345w\" sizes=\"auto, (max-width: 1280px) 100vw, 1280px\" \/><\/a> <a href=\"http:\/\/folhadosudeste.com\/site\/wp-content\/uploads\/2022\/07\/Registros-do-Casamento-Comunit\u00e1rio-de-2021-1-1.jpeg\"><img loading=\"lazy\" decoding=\"async\" class=\"alignnone size-full wp-image-82980\" src=\"http:\/\/folhadosudeste.com\/site\/wp-content\/uploads\/2022\/07\/Registros-do-Casamento-Comunit\u00e1rio-de-2021-1-1.jpeg\" alt=\"\" width=\"1280\" height=\"853\" srcset=\"https:\/\/folhadosudeste.com\/site\/wp-content\/uploads\/2022\/07\/Registros-do-Casamento-Comunit\u00e1rio-de-2021-1-1.jpeg 1280w, https:\/\/folhadosudeste.com\/site\/wp-content\/uploads\/2022\/07\/Registros-do-Casamento-Comunit\u00e1rio-de-2021-1-1-300x200.jpeg 300w, https:\/\/folhadosudeste.com\/site\/wp-content\/uploads\/2022\/07\/Registros-do-Casamento-Comunit\u00e1rio-de-2021-1-1-768x512.jpeg 768w, https:\/\/folhadosudeste.com\/site\/wp-content\/uploads\/2022\/07\/Registros-do-Casamento-Comunit\u00e1rio-de-2021-1-1-1024x682.jpeg 1024w, https:\/\/folhadosudeste.com\/site\/wp-content\/uploads\/2022\/07\/Registros-do-Casamento-Comunit\u00e1rio-de-2021-1-1-120x80.jpeg 120w, https:\/\/folhadosudeste.com\/site\/wp-content\/uploads\/2022\/07\/Registros-do-Casamento-Comunit\u00e1rio-de-2021-1-1-345x230.jpeg 345w\" sizes=\"auto, (max-width: 1280px) 100vw, 1280px\" \/><\/a><\/p>\n","protected":false},"excerpt":{"rendered":"<p>A FAMINAS vai abrir suas portas para 180 casais, que v\u00e3o poder oficializar a uni\u00e3o civil durante a 2\u00aa edi\u00e7\u00e3o da cerim\u00f4nia do&nbsp;Casamento&nbsp;Comunit\u00e1rio. Uma realiza\u00e7\u00e3o do curso de Direito da institui\u00e7\u00e3o de ensino, em parceria com o Tribunal de Justi\u00e7a de Minas Gerais (TJMG), por meio do Centro Judici\u00e1rio de Solu\u00e7\u00e3o de Conflitos e Cidadania [&hellip;]<\/p>\n","protected":false},"author":6,"featured_media":0,"comment_status":"open","ping_status":"closed","sticky":false,"template":"","format":"standard","meta":{"_joinchat":[],"footnotes":""},"categories":[1],"tags":[],"class_list":["post-82977","post","type-post","status-publish","format-standard","hentry","category-sem-categoria"],"_links":{"self":[{"href":"https:\/\/folhadosudeste.com\/site\/index.php?rest_route=\/wp\/v2\/posts\/82977","targetHints":{"allow":["GET"]}}],"collection":[{"href":"https:\/\/folhadosudeste.com\/site\/index.php?rest_route=\/wp\/v2\/posts"}],"about":[{"href":"https:\/\/folhadosudeste.com\/site\/index.php?rest_route=\/wp\/v2\/types\/post"}],"author":[{"embeddable":true,"href":"https:\/\/folhadosudeste.com\/site\/index.php?rest_route=\/wp\/v2\/users\/6"}],"replies":[{"embeddable":true,"href":"https:\/\/folhadosudeste.com\/site\/index.php?rest_route=%2Fwp%2Fv2%2Fcomments&post=82977"}],"version-history":[{"count":1,"href":"https:\/\/folhadosudeste.com\/site\/index.php?rest_route=\/wp\/v2\/posts\/82977\/revisions"}],"predecessor-version":[{"id":82981,"href":"https:\/\/folhadosudeste.com\/site\/index.php?rest_route=\/wp\/v2\/posts\/82977\/revisions\/82981"}],"wp:attachment":[{"href":"https:\/\/folhadosudeste.com\/site\/index.php?rest_route=%2Fwp%2Fv2%2Fmedia&parent=82977"}],"wp:term":[{"taxonomy":"category","embeddable":true,"href":"https:\/\/folhadosudeste.com\/site\/index.php?rest_route=%2Fwp%2Fv2%2Fcategories&post=82977"},{"taxonomy":"post_tag","embeddable":true,"href":"https:\/\/folhadosudeste.com\/site\/index.php?rest_route=%2Fwp%2Fv2%2Ftags&post=82977"}],"curies":[{"name":"wp","href":"https:\/\/api.w.org\/{rel}","templated":true}]}}