{"id":82985,"date":"2022-07-06T14:16:49","date_gmt":"2022-07-06T14:16:49","guid":{"rendered":"http:\/\/folhadosudeste.com\/site\/?p=82985"},"modified":"2022-07-06T14:16:49","modified_gmt":"2022-07-06T14:16:49","slug":"inovacao-e-pioneirismo-educacao-apresenta-novas-apostilas-desenvolvidas-em-muriae","status":"publish","type":"post","link":"https:\/\/folhadosudeste.com\/site\/?p=82985","title":{"rendered":"Inova\u00e7\u00e3o e pioneirismo: Educa\u00e7\u00e3o apresenta novas apostilas desenvolvidas em Muria\u00e9"},"content":{"rendered":"<div><a href=\"http:\/\/folhadosudeste.com\/site\/wp-content\/uploads\/2022\/07\/apostilas-01.jpg\"><img loading=\"lazy\" decoding=\"async\" class=\"alignnone size-full wp-image-82986\" src=\"http:\/\/folhadosudeste.com\/site\/wp-content\/uploads\/2022\/07\/apostilas-01.jpg\" alt=\"\" width=\"2048\" height=\"1366\" srcset=\"https:\/\/folhadosudeste.com\/site\/wp-content\/uploads\/2022\/07\/apostilas-01.jpg 2048w, https:\/\/folhadosudeste.com\/site\/wp-content\/uploads\/2022\/07\/apostilas-01-300x200.jpg 300w, https:\/\/folhadosudeste.com\/site\/wp-content\/uploads\/2022\/07\/apostilas-01-768x512.jpg 768w, https:\/\/folhadosudeste.com\/site\/wp-content\/uploads\/2022\/07\/apostilas-01-1024x683.jpg 1024w, https:\/\/folhadosudeste.com\/site\/wp-content\/uploads\/2022\/07\/apostilas-01-120x80.jpg 120w, https:\/\/folhadosudeste.com\/site\/wp-content\/uploads\/2022\/07\/apostilas-01-345x230.jpg 345w\" sizes=\"auto, (max-width: 2048px) 100vw, 2048px\" \/><\/a><\/div>\n<div style=\"text-align: justify;\">As novas apostilas da rede municipal de ensino de Muria\u00e9 foram apresentadas na noite de segunda-feira, dia 4 de julho, em evento realizado no teatro da Faculdade Santa Marcelina.<\/div>\n<div style=\"text-align: justify;\">&nbsp;<\/div>\n<div style=\"text-align: justify;\">O material \u00e9 100% autoral e foi desenvolvido pelos pr\u00f3prios profissionais que integram a rede \u2013 ou seja: o conte\u00fado foi pensado e elaborado de forma espec\u00edfica para a realidade da educa\u00e7\u00e3o em Muria\u00e9.<\/div>\n<div style=\"text-align: justify;\">&nbsp;<\/div>\n<div style=\"text-align: justify;\">\u201cFui professora por mais de 30 anos. N\u00f3s us\u00e1vamos sempre os livros que os outros faziam. E agora, pela primeira vez em nossa cidade, nossos meninos v\u00e3o estudar com um material exclusivo e feito especialmente para eles\u201d, destacou a secret\u00e1ria municipal de Educa\u00e7\u00e3o, Maria Am\u00e9lia Xaia.<\/div>\n<div style=\"text-align: justify;\">&nbsp;<\/div>\n<div style=\"text-align: justify;\">As apostilas s\u00e3o destinadas para dois p\u00fablicos distintos: os alunos da Educa\u00e7\u00e3o Infantil e os do Ensino Fundamental II \u2013 ou seja, matriculados do sexto ao nono ano nas escolas municipais.<\/div>\n<div style=\"text-align: justify;\">&nbsp;<\/div>\n<div style=\"text-align: justify;\">\u201cEste trabalho envolveu 40 profissionais, dentre professores, supervisores escolares e equipe pedag\u00f3gica da Secretaria Municipal de Educa\u00e7\u00e3o\u201d, informa a secret\u00e1ria adjunta da pasta, Andr\u00e9a Medina.<\/div>\n<p><!--more--><\/p>\n<div style=\"text-align: justify;\">Os livros infantis s\u00e3o ilustrados com a \u201cTurma do Digi\u201d, personagens que foram criados em 2021 pela Secretaria Municipal de Educa\u00e7\u00e3o para incentivar o estudo em um momento em que as atividades escolares ainda aconteciam \u00e0 dist\u00e2ncia em raz\u00e3o da pandemia.<\/div>\n<div style=\"text-align: justify;\">&nbsp;<\/div>\n<div style=\"text-align: justify;\">O prefeito Marcos Guarino lembrou que as dificuldades impostas pela covid geraram desafios ainda maiores para a educa\u00e7\u00e3o gratuita.<\/div>\n<div style=\"text-align: justify;\">&nbsp;<\/div>\n<div style=\"text-align: justify;\">\u201cVoc\u00eas, professores de escolas p\u00fablicas, lidam diretamente com as crian\u00e7as que foram mais lesadas pela pandemia em termos de cultura e educa\u00e7\u00e3o. Temos que fazer uma revolu\u00e7\u00e3o cultural neste momento, e isso tem que sair no pr\u00f3prio munic\u00edpio. N\u00f3s moramos aqui, e \u00e9 aqui que temos que ver nosso trabalho render e acontecer\u201d, pontuou.<\/div>\n<div><a href=\"http:\/\/folhadosudeste.com\/site\/wp-content\/uploads\/2022\/07\/apostilas-02.jpeg\"><img loading=\"lazy\" decoding=\"async\" class=\"alignnone size-full wp-image-82987\" src=\"http:\/\/folhadosudeste.com\/site\/wp-content\/uploads\/2022\/07\/apostilas-02.jpeg\" alt=\"\" width=\"1223\" height=\"816\" srcset=\"https:\/\/folhadosudeste.com\/site\/wp-content\/uploads\/2022\/07\/apostilas-02.jpeg 1223w, https:\/\/folhadosudeste.com\/site\/wp-content\/uploads\/2022\/07\/apostilas-02-300x200.jpeg 300w, https:\/\/folhadosudeste.com\/site\/wp-content\/uploads\/2022\/07\/apostilas-02-768x512.jpeg 768w, https:\/\/folhadosudeste.com\/site\/wp-content\/uploads\/2022\/07\/apostilas-02-1024x683.jpeg 1024w, https:\/\/folhadosudeste.com\/site\/wp-content\/uploads\/2022\/07\/apostilas-02-120x80.jpeg 120w, https:\/\/folhadosudeste.com\/site\/wp-content\/uploads\/2022\/07\/apostilas-02-345x230.jpeg 345w\" sizes=\"auto, (max-width: 1223px) 100vw, 1223px\" \/><\/a> <a href=\"http:\/\/folhadosudeste.com\/site\/wp-content\/uploads\/2022\/07\/apostilas-andrea.jpg\"><img loading=\"lazy\" decoding=\"async\" class=\"alignnone size-full wp-image-82988\" src=\"http:\/\/folhadosudeste.com\/site\/wp-content\/uploads\/2022\/07\/apostilas-andrea.jpg\" alt=\"\" width=\"2048\" height=\"1365\" srcset=\"https:\/\/folhadosudeste.com\/site\/wp-content\/uploads\/2022\/07\/apostilas-andrea.jpg 2048w, https:\/\/folhadosudeste.com\/site\/wp-content\/uploads\/2022\/07\/apostilas-andrea-300x200.jpg 300w, https:\/\/folhadosudeste.com\/site\/wp-content\/uploads\/2022\/07\/apostilas-andrea-768x512.jpg 768w, https:\/\/folhadosudeste.com\/site\/wp-content\/uploads\/2022\/07\/apostilas-andrea-1024x682.jpg 1024w, https:\/\/folhadosudeste.com\/site\/wp-content\/uploads\/2022\/07\/apostilas-andrea-120x80.jpg 120w, https:\/\/folhadosudeste.com\/site\/wp-content\/uploads\/2022\/07\/apostilas-andrea-345x230.jpg 345w\" sizes=\"auto, (max-width: 2048px) 100vw, 2048px\" \/><\/a> <a href=\"http:\/\/folhadosudeste.com\/site\/wp-content\/uploads\/2022\/07\/apostilas-maria-amelia.jpeg\"><img loading=\"lazy\" decoding=\"async\" class=\"alignnone size-full wp-image-82989\" src=\"http:\/\/folhadosudeste.com\/site\/wp-content\/uploads\/2022\/07\/apostilas-maria-amelia.jpeg\" alt=\"\" width=\"900\" height=\"601\" srcset=\"https:\/\/folhadosudeste.com\/site\/wp-content\/uploads\/2022\/07\/apostilas-maria-amelia.jpeg 900w, https:\/\/folhadosudeste.com\/site\/wp-content\/uploads\/2022\/07\/apostilas-maria-amelia-300x200.jpeg 300w, https:\/\/folhadosudeste.com\/site\/wp-content\/uploads\/2022\/07\/apostilas-maria-amelia-768x513.jpeg 768w, https:\/\/folhadosudeste.com\/site\/wp-content\/uploads\/2022\/07\/apostilas-maria-amelia-120x80.jpeg 120w, https:\/\/folhadosudeste.com\/site\/wp-content\/uploads\/2022\/07\/apostilas-maria-amelia-345x230.jpeg 345w\" sizes=\"auto, (max-width: 900px) 100vw, 900px\" \/><\/a> <a href=\"http:\/\/folhadosudeste.com\/site\/wp-content\/uploads\/2022\/07\/apostilas-marcos.jpeg\"><img loading=\"lazy\" decoding=\"async\" class=\"alignnone size-full wp-image-82990\" src=\"http:\/\/folhadosudeste.com\/site\/wp-content\/uploads\/2022\/07\/apostilas-marcos.jpeg\" alt=\"\" width=\"900\" height=\"600\" srcset=\"https:\/\/folhadosudeste.com\/site\/wp-content\/uploads\/2022\/07\/apostilas-marcos.jpeg 900w, https:\/\/folhadosudeste.com\/site\/wp-content\/uploads\/2022\/07\/apostilas-marcos-300x200.jpeg 300w, https:\/\/folhadosudeste.com\/site\/wp-content\/uploads\/2022\/07\/apostilas-marcos-768x512.jpeg 768w, https:\/\/folhadosudeste.com\/site\/wp-content\/uploads\/2022\/07\/apostilas-marcos-120x80.jpeg 120w, https:\/\/folhadosudeste.com\/site\/wp-content\/uploads\/2022\/07\/apostilas-marcos-345x230.jpeg 345w\" sizes=\"auto, (max-width: 900px) 100vw, 900px\" \/><\/a><\/div>\n","protected":false},"excerpt":{"rendered":"<p>As novas apostilas da rede municipal de ensino de Muria\u00e9 foram apresentadas na noite de segunda-feira, dia 4 de julho, em evento realizado no teatro da Faculdade Santa Marcelina. &nbsp; O material \u00e9 100% autoral e foi desenvolvido pelos pr\u00f3prios profissionais que integram a rede \u2013 ou seja: o conte\u00fado foi pensado e elaborado de [&hellip;]<\/p>\n","protected":false},"author":6,"featured_media":0,"comment_status":"open","ping_status":"closed","sticky":false,"template":"","format":"standard","meta":{"_joinchat":[],"footnotes":""},"categories":[1],"tags":[],"class_list":["post-82985","post","type-post","status-publish","format-standard","hentry","category-sem-categoria"],"_links":{"self":[{"href":"https:\/\/folhadosudeste.com\/site\/index.php?rest_route=\/wp\/v2\/posts\/82985","targetHints":{"allow":["GET"]}}],"collection":[{"href":"https:\/\/folhadosudeste.com\/site\/index.php?rest_route=\/wp\/v2\/posts"}],"about":[{"href":"https:\/\/folhadosudeste.com\/site\/index.php?rest_route=\/wp\/v2\/types\/post"}],"author":[{"embeddable":true,"href":"https:\/\/folhadosudeste.com\/site\/index.php?rest_route=\/wp\/v2\/users\/6"}],"replies":[{"embeddable":true,"href":"https:\/\/folhadosudeste.com\/site\/index.php?rest_route=%2Fwp%2Fv2%2Fcomments&post=82985"}],"version-history":[{"count":1,"href":"https:\/\/folhadosudeste.com\/site\/index.php?rest_route=\/wp\/v2\/posts\/82985\/revisions"}],"predecessor-version":[{"id":82991,"href":"https:\/\/folhadosudeste.com\/site\/index.php?rest_route=\/wp\/v2\/posts\/82985\/revisions\/82991"}],"wp:attachment":[{"href":"https:\/\/folhadosudeste.com\/site\/index.php?rest_route=%2Fwp%2Fv2%2Fmedia&parent=82985"}],"wp:term":[{"taxonomy":"category","embeddable":true,"href":"https:\/\/folhadosudeste.com\/site\/index.php?rest_route=%2Fwp%2Fv2%2Fcategories&post=82985"},{"taxonomy":"post_tag","embeddable":true,"href":"https:\/\/folhadosudeste.com\/site\/index.php?rest_route=%2Fwp%2Fv2%2Ftags&post=82985"}],"curies":[{"name":"wp","href":"https:\/\/api.w.org\/{rel}","templated":true}]}}