{"id":83053,"date":"2022-07-07T17:11:31","date_gmt":"2022-07-07T17:11:31","guid":{"rendered":"http:\/\/folhadosudeste.com\/site\/?p=83053"},"modified":"2022-07-07T17:11:31","modified_gmt":"2022-07-07T17:11:31","slug":"drogarias-pacheco-promove-dia-b-da-beleza-e-traz-produtos-com-precos-especiais","status":"publish","type":"post","link":"https:\/\/folhadosudeste.com\/site\/?p=83053","title":{"rendered":"Drogarias Pacheco promove Dia B da Beleza e traz produtos com pre\u00e7os especiais"},"content":{"rendered":"<p><a href=\"http:\/\/folhadosudeste.com\/site\/wp-content\/uploads\/2022\/07\/Loja-Drogarias-Pacheco-Cr\u00e9ditos-Divulga\u00e7\u00e3o-1.jpg\"><img loading=\"lazy\" decoding=\"async\" class=\"alignnone size-full wp-image-83054\" src=\"http:\/\/folhadosudeste.com\/site\/wp-content\/uploads\/2022\/07\/Loja-Drogarias-Pacheco-Cr\u00e9ditos-Divulga\u00e7\u00e3o-1.jpg\" alt=\"\" width=\"2048\" height=\"1366\" srcset=\"https:\/\/folhadosudeste.com\/site\/wp-content\/uploads\/2022\/07\/Loja-Drogarias-Pacheco-Cr\u00e9ditos-Divulga\u00e7\u00e3o-1.jpg 2048w, https:\/\/folhadosudeste.com\/site\/wp-content\/uploads\/2022\/07\/Loja-Drogarias-Pacheco-Cr\u00e9ditos-Divulga\u00e7\u00e3o-1-300x200.jpg 300w, https:\/\/folhadosudeste.com\/site\/wp-content\/uploads\/2022\/07\/Loja-Drogarias-Pacheco-Cr\u00e9ditos-Divulga\u00e7\u00e3o-1-768x512.jpg 768w, https:\/\/folhadosudeste.com\/site\/wp-content\/uploads\/2022\/07\/Loja-Drogarias-Pacheco-Cr\u00e9ditos-Divulga\u00e7\u00e3o-1-1024x683.jpg 1024w, https:\/\/folhadosudeste.com\/site\/wp-content\/uploads\/2022\/07\/Loja-Drogarias-Pacheco-Cr\u00e9ditos-Divulga\u00e7\u00e3o-1-120x80.jpg 120w, https:\/\/folhadosudeste.com\/site\/wp-content\/uploads\/2022\/07\/Loja-Drogarias-Pacheco-Cr\u00e9ditos-Divulga\u00e7\u00e3o-1-345x230.jpg 345w\" sizes=\"auto, (max-width: 2048px) 100vw, 2048px\" \/><\/a><\/p>\n<p style=\"text-align: justify;\"><em>No dia 08 de julho, clientes v\u00e3o contar com novidades para a rotina de cuidados com a pele e cabelos<\/em><\/p>\n<p>&nbsp;<\/p>\n<p style=\"text-align: justify;\">Na pr\u00f3xima sexta-feira, 08 de julho, os clientes do Grupo DPSP \u2013 uni\u00e3o das Drogarias Pacheco e Drogaria S\u00e3o Paulo \u2013 encontrar\u00e3o produtos in\u00e9ditos para cuidar da pele e do cabelo na esta\u00e7\u00e3o mais fria do ano. Nessa data, batizada de&nbsp;<strong>O Dia B da Beleza<\/strong>, os produtos estar\u00e3o com descontos exclusivos dispon\u00edveis para compras nos sites&nbsp;<strong><a href=\"http:\/\/www.drogariaspacheco.com.br\/\" data-saferedirecturl=\"https:\/\/www.google.com\/url?q=http:\/\/www.drogariaspacheco.com.br&amp;source=gmail&amp;ust=1657300143417000&amp;usg=AOvVaw1OLnlzy612OjHfJXftwb8u\">www.drogariaspacheco.com.br<\/a><\/strong>,&nbsp;<strong><a href=\"http:\/\/www.drogariasaopaulo.com.br\/\" data-saferedirecturl=\"https:\/\/www.google.com\/url?q=http:\/\/www.drogariasaopaulo.com.br&amp;source=gmail&amp;ust=1657300143417000&amp;usg=AOvVaw0T5Ss6OEhBOWBXSJporz2u\">www.drogariasaopaulo.com.br<\/a><\/strong>&nbsp;e tamb\u00e9m nas lojas f\u00edsicas.&nbsp;<\/p>\n<p style=\"text-align: justify;\">S\u00e3o diversos itens \u00e0 disposi\u00e7\u00e3o para aqueles que desejam manter a rotina de cuidados com a beleza. Entre eles merecem destaque:<\/p>\n<p style=\"text-align: justify;\"><strong>Hidratante corporal La Roche Posay Lipikar Cartoon Light AP<\/strong><\/p>\n<p style=\"text-align: justify;\">Hidrata profundamente, tem a\u00e7\u00e3o anti-coceira e ajuda a espa\u00e7ar os per\u00edodos de ressecamento intenso. O produto tamb\u00e9m acalma imediatamente a pele propensa ao ressecamento severo.&nbsp;<\/p>\n<p style=\"text-align: justify;\"><strong>M\u00e1scara Facial de tecido para Hidrata\u00e7\u00e3o da Garnier<\/strong><\/p>\n<p style=\"text-align: justify;\">A M\u00e1scara Facial em Tecido da Garnier vem em cinco formula\u00e7\u00f5es diferentes:&nbsp; Vitamina C e \u00c1cido Hialur\u00f4nico, para hidrata\u00e7\u00e3o profunda; Carv\u00e3o, para detox; Ch\u00e1 Verde, matificante; Rom\u00e3, revitalizante e Camomila, calmante. Todas as vers\u00f5es possuem uma revolucion\u00e1ria tecnologia em tecido vegetal ultrafino. A m\u00e1scara apresenta resultados em apenas 15 minutos de aplica\u00e7\u00e3o.&nbsp;<\/p>\n<p><!--more--><\/p>\n<p style=\"text-align: justify;\"><strong>Shampoo, condicionador e creme para pentear Elseve \u00d3leo Extraordin\u00e1rio Cachos.<\/strong><\/p>\n<p style=\"text-align: justify;\">Os cabelos cacheados tendem a ressecar mais facilmente e precisam de umecta\u00e7\u00e3o. O Shampoo \u00d3leo Extraordin\u00e1rio Cachos com \u00d3leo de Coco misturado a \u00d3leos de Flores Preciosas promete 48 horas de defini\u00e7\u00e3o das madeixas.<\/p>\n<p style=\"text-align: justify;\">O Condicionador \u00d3leo Extraordin\u00e1rio Cachos mant\u00e9m os cachos soltos, macios e brilhantes, al\u00e9m de deixar os fios sem frizz e definidos por muito mais tempo.<\/p>\n<p style=\"text-align: justify;\">J\u00e1 o Creme para Pentear \u00d3leo Extraordin\u00e1rio Cachos proporciona umecta\u00e7\u00e3o intensa sem pesar e garante uma defini\u00e7\u00e3o duradoura e efeito anti-frizz. Os cachos mantem sua forma com brilho e maciez.&nbsp;<\/p>\n<p style=\"text-align: justify;\">&nbsp;Entre os cuidados que n\u00e3o podem faltar no kit inverno tamb\u00e9m est\u00e3o:<\/p>\n<p style=\"text-align: justify;\"><strong>&nbsp;\u00c1gua Termal Av\u00e8ne<\/strong><\/p>\n<p style=\"text-align: justify;\">O Spray \u00c1gua Termal Av\u00e8ne acalma instantaneamente a pele sens\u00edvel, irritada ou com tend\u00eancia a alergias. Possui minerais e oligoelementos que acalmam a pele sem ressec\u00e1-la. Rica em s\u00edlica, proporciona suavidade e conforto com uma sensa\u00e7\u00e3o instant\u00e2nea de bem-estar a cada aplica\u00e7\u00e3o.<\/p>\n<p style=\"text-align: justify;\">O Spray \u00c1gua Termal Av\u00e8ne pode ser usado diariamente, ap\u00f3s limpar a pele, para remover impurezas residuais. Quando aplicada antes dos produtos de cuidado da pele, ela prepara a pele e facilita a sua aplica\u00e7\u00e3o<\/p>\n<p style=\"text-align: justify;\"><strong>Gel de Limpeza Facial Concentrado La Roche-Posay Effaclar Peles Oleosas ou Acn\u00e9icas<\/strong><\/p>\n<p style=\"text-align: justify;\">Possui uma f\u00f3rmula concentrada que foi especialmente desenvolvida para peles brasileiras, com uma combina\u00e7\u00e3o de \u00c1cido Salic\u00edlico, Zinco e LHA\u00ae, uma nova gera\u00e7\u00e3o de renovador celular. Limpa, purifica e prepara a pele para a aplica\u00e7\u00e3o de outros produtos, al\u00e9m de desobstruir os poros, controlando a oleosidade e reduzindo os sinais de acne.&nbsp;<\/p>\n<p style=\"text-align: justify;\"><strong>Espuma de Limpeza Facial Dove Esfolia\u00e7\u00e3o Revitalizante<\/strong><\/p>\n<p style=\"text-align: justify;\">\u00c9 uma espuma composta por micropart\u00edculas esfoliantes que promovem uma limpeza di\u00e1ria profunda e ajudam a remover suavemente os res\u00edduos e as c\u00e9lulas mortas, deixando a pele radiante e refinando sua textura com leveza. Rep\u00f5e os nutrientes naturais da pele, deixando- a com brilho natural, aspecto saud\u00e1vel, suave e livre de opacidade.<\/p>\n<p style=\"text-align: justify;\">No caso de d\u00favida, os consultores de beleza de ambas as redes estar\u00e3o nas lojas prestando todo o apoio e orienta\u00e7\u00e3o necess\u00e1ria.<\/p>\n<p style=\"text-align: justify;\"><strong>Sobre o Grupo DPSP<\/strong><\/p>\n<p style=\"font-weight: 400; text-align: justify;\">Com a miss\u00e3o de proporcionar qualidade no atendimento, cuidados com a sa\u00fade e bem-estar a todos, o Grupo DPSP nasceu em 2011 e conta com as redes Drogarias Pacheco e Drogaria S\u00e3o Paulo. A companhia \u00e9 um dos principais players do varejo farmac\u00eautico com aproximadamente 1.400 lojas em 9 estados do Brasil, al\u00e9m do Distrito Federal. Hoje, o Grupo DPSP atende seus clientes em lojas f\u00edsicas, e-commerce, televendas e aplicativo. As marcas Drogarias Pacheco e Drogaria S\u00e3o Paulo levam em seu DNA uma hist\u00f3ria de confian\u00e7a e credibilidade no mercado nacional da sa\u00fade, preocupando-se constantemente em oferecer excel\u00eancia em seus processos e a garantia da satisfa\u00e7\u00e3o do consumidor.<\/p>\n<p style=\"text-align: justify;\">&nbsp;<\/p>\n","protected":false},"excerpt":{"rendered":"<p>No dia 08 de julho, clientes v\u00e3o contar com novidades para a rotina de cuidados com a pele e cabelos &nbsp; Na pr\u00f3xima sexta-feira, 08 de julho, os clientes do Grupo DPSP \u2013 uni\u00e3o das Drogarias Pacheco e Drogaria S\u00e3o Paulo \u2013 encontrar\u00e3o produtos in\u00e9ditos para cuidar da pele e do cabelo na esta\u00e7\u00e3o mais [&hellip;]<\/p>\n","protected":false},"author":6,"featured_media":0,"comment_status":"open","ping_status":"closed","sticky":false,"template":"","format":"standard","meta":{"_joinchat":[],"footnotes":""},"categories":[1],"tags":[],"class_list":["post-83053","post","type-post","status-publish","format-standard","hentry","category-sem-categoria"],"_links":{"self":[{"href":"https:\/\/folhadosudeste.com\/site\/index.php?rest_route=\/wp\/v2\/posts\/83053","targetHints":{"allow":["GET"]}}],"collection":[{"href":"https:\/\/folhadosudeste.com\/site\/index.php?rest_route=\/wp\/v2\/posts"}],"about":[{"href":"https:\/\/folhadosudeste.com\/site\/index.php?rest_route=\/wp\/v2\/types\/post"}],"author":[{"embeddable":true,"href":"https:\/\/folhadosudeste.com\/site\/index.php?rest_route=\/wp\/v2\/users\/6"}],"replies":[{"embeddable":true,"href":"https:\/\/folhadosudeste.com\/site\/index.php?rest_route=%2Fwp%2Fv2%2Fcomments&post=83053"}],"version-history":[{"count":1,"href":"https:\/\/folhadosudeste.com\/site\/index.php?rest_route=\/wp\/v2\/posts\/83053\/revisions"}],"predecessor-version":[{"id":83055,"href":"https:\/\/folhadosudeste.com\/site\/index.php?rest_route=\/wp\/v2\/posts\/83053\/revisions\/83055"}],"wp:attachment":[{"href":"https:\/\/folhadosudeste.com\/site\/index.php?rest_route=%2Fwp%2Fv2%2Fmedia&parent=83053"}],"wp:term":[{"taxonomy":"category","embeddable":true,"href":"https:\/\/folhadosudeste.com\/site\/index.php?rest_route=%2Fwp%2Fv2%2Fcategories&post=83053"},{"taxonomy":"post_tag","embeddable":true,"href":"https:\/\/folhadosudeste.com\/site\/index.php?rest_route=%2Fwp%2Fv2%2Ftags&post=83053"}],"curies":[{"name":"wp","href":"https:\/\/api.w.org\/{rel}","templated":true}]}}