{"id":83185,"date":"2022-07-12T15:08:30","date_gmt":"2022-07-12T15:08:30","guid":{"rendered":"http:\/\/folhadosudeste.com\/site\/?p=83185"},"modified":"2022-07-12T15:08:30","modified_gmt":"2022-07-12T15:08:30","slug":"apos-2-anos-cavalgada-de-belisario-volta-a-acontecer-e-movimenta-distrito-com-festa","status":"publish","type":"post","link":"https:\/\/folhadosudeste.com\/site\/?p=83185","title":{"rendered":"Ap\u00f3s 2 anos, Cavalgada de Belis\u00e1rio volta a acontecer e movimenta distrito com festa"},"content":{"rendered":"<div id=\":p7\" class=\"ii gt\">\n<div id=\":p6\" class=\"a3s aiL \">\n<div dir=\"ltr\">\n<div dir=\"ltr\">\n<div><a href=\"http:\/\/folhadosudeste.com\/site\/wp-content\/uploads\/2022\/07\/cavalgada01.jpeg\"><img loading=\"lazy\" decoding=\"async\" class=\"alignnone size-full wp-image-83186\" src=\"http:\/\/folhadosudeste.com\/site\/wp-content\/uploads\/2022\/07\/cavalgada01.jpeg\" alt=\"\" width=\"1138\" height=\"853\" srcset=\"https:\/\/folhadosudeste.com\/site\/wp-content\/uploads\/2022\/07\/cavalgada01.jpeg 1138w, https:\/\/folhadosudeste.com\/site\/wp-content\/uploads\/2022\/07\/cavalgada01-300x225.jpeg 300w, https:\/\/folhadosudeste.com\/site\/wp-content\/uploads\/2022\/07\/cavalgada01-768x576.jpeg 768w, https:\/\/folhadosudeste.com\/site\/wp-content\/uploads\/2022\/07\/cavalgada01-1024x768.jpeg 1024w\" sizes=\"auto, (max-width: 1138px) 100vw, 1138px\" \/><\/a><\/div>\n<div style=\"text-align: justify;\">Ap\u00f3s dois anos de interrup\u00e7\u00e3o devido \u00e0 pandemia, a tradicional Cavalgada de Belis\u00e1rio voltou a acontecer no \u00faltimo fim de semana. Foi a 21\u00aa edi\u00e7\u00e3o da festa, que reuniu centenas de participantes de Muria\u00e9 e diversos munic\u00edpios da regi\u00e3o.<\/div>\n<div style=\"text-align: justify;\">&nbsp;<\/div>\n<div style=\"text-align: justify;\">Os cavaleiros se reuniram no domingo, dia 10, para o percurso em meio \u00e0s matas e cachoeiras da regi\u00e3o de Belis\u00e1rio. Na v\u00e9spera, o &#8216;esquenta&#8217; animou os visitantes com shows de Mazinho Mendon\u00e7a e da dupla Cristiano Banni &amp; Daniel.<\/div>\n<div style=\"text-align: justify;\">&nbsp;<\/div>\n<div style=\"text-align: justify;\">&#8220;\u00c9 muito gratificante ver uma festa t\u00e3o tradicional voltar a acontecer ap\u00f3s dois anos de paralisa\u00e7\u00e3o for\u00e7ada. Tudo correu em clima de muita alegria e tranquilidade, e as pr\u00f3ximas edi\u00e7\u00f5es ser\u00e3o ainda melhores&#8221;, destacou o prefeito Marcos Guarino na abertura.<\/div>\n<\/div>\n<\/div>\n<\/div>\n<\/div>\n<p><!--more--><\/p>\n<div dir=\"ltr\">\n<div dir=\"ltr\">\n<div style=\"text-align: justify;\">A 21\u00aa Cavalgada de Belis\u00e1rio foi realizada pela Prefeitura de Muria\u00e9, atrav\u00e9s da Fundarte, em parceria com o GAB &#8211; Grupo de Artes\u00e3os de Belis\u00e1rio. A organiza\u00e7\u00e3o teve ainda o importante apoio dos vereadores Reginaldo Roriz e Afonso da Sa\u00fade.<\/div>\n<\/div>\n<\/div>\n<div id=\":173\" class=\"hq gt\" style=\"text-align: justify;\"><a href=\"http:\/\/folhadosudeste.com\/site\/wp-content\/uploads\/2022\/07\/cavalgada03.jpeg\"><img loading=\"lazy\" decoding=\"async\" class=\"alignnone size-full wp-image-83187\" src=\"http:\/\/folhadosudeste.com\/site\/wp-content\/uploads\/2022\/07\/cavalgada03.jpeg\" alt=\"\" width=\"1280\" height=\"960\" srcset=\"https:\/\/folhadosudeste.com\/site\/wp-content\/uploads\/2022\/07\/cavalgada03.jpeg 1280w, https:\/\/folhadosudeste.com\/site\/wp-content\/uploads\/2022\/07\/cavalgada03-300x225.jpeg 300w, https:\/\/folhadosudeste.com\/site\/wp-content\/uploads\/2022\/07\/cavalgada03-768x576.jpeg 768w, https:\/\/folhadosudeste.com\/site\/wp-content\/uploads\/2022\/07\/cavalgada03-1024x768.jpeg 1024w\" sizes=\"auto, (max-width: 1280px) 100vw, 1280px\" \/><\/a> <a href=\"http:\/\/folhadosudeste.com\/site\/wp-content\/uploads\/2022\/07\/cavalgada02.jpeg\"><img loading=\"lazy\" decoding=\"async\" class=\"alignnone size-full wp-image-83188\" src=\"http:\/\/folhadosudeste.com\/site\/wp-content\/uploads\/2022\/07\/cavalgada02.jpeg\" alt=\"\" width=\"1080\" height=\"810\" srcset=\"https:\/\/folhadosudeste.com\/site\/wp-content\/uploads\/2022\/07\/cavalgada02.jpeg 1080w, https:\/\/folhadosudeste.com\/site\/wp-content\/uploads\/2022\/07\/cavalgada02-300x225.jpeg 300w, https:\/\/folhadosudeste.com\/site\/wp-content\/uploads\/2022\/07\/cavalgada02-768x576.jpeg 768w, https:\/\/folhadosudeste.com\/site\/wp-content\/uploads\/2022\/07\/cavalgada02-1024x768.jpeg 1024w\" sizes=\"auto, (max-width: 1080px) 100vw, 1080px\" \/><\/a> <a href=\"http:\/\/folhadosudeste.com\/site\/wp-content\/uploads\/2022\/07\/cavalgada04.png\"><img loading=\"lazy\" decoding=\"async\" class=\"alignnone size-full wp-image-83189\" src=\"http:\/\/folhadosudeste.com\/site\/wp-content\/uploads\/2022\/07\/cavalgada04.png\" alt=\"\" width=\"1017\" height=\"763\" srcset=\"https:\/\/folhadosudeste.com\/site\/wp-content\/uploads\/2022\/07\/cavalgada04.png 1017w, https:\/\/folhadosudeste.com\/site\/wp-content\/uploads\/2022\/07\/cavalgada04-300x225.png 300w, https:\/\/folhadosudeste.com\/site\/wp-content\/uploads\/2022\/07\/cavalgada04-768x576.png 768w\" sizes=\"auto, (max-width: 1017px) 100vw, 1017px\" \/><\/a> <a href=\"http:\/\/folhadosudeste.com\/site\/wp-content\/uploads\/2022\/07\/cavalgada05.png\"><img loading=\"lazy\" decoding=\"async\" class=\"alignnone size-full wp-image-83190\" src=\"http:\/\/folhadosudeste.com\/site\/wp-content\/uploads\/2022\/07\/cavalgada05.png\" alt=\"\" width=\"1152\" height=\"864\" srcset=\"https:\/\/folhadosudeste.com\/site\/wp-content\/uploads\/2022\/07\/cavalgada05.png 1152w, https:\/\/folhadosudeste.com\/site\/wp-content\/uploads\/2022\/07\/cavalgada05-300x225.png 300w, https:\/\/folhadosudeste.com\/site\/wp-content\/uploads\/2022\/07\/cavalgada05-768x576.png 768w, https:\/\/folhadosudeste.com\/site\/wp-content\/uploads\/2022\/07\/cavalgada05-1024x768.png 1024w\" sizes=\"auto, (max-width: 1152px) 100vw, 1152px\" \/><\/a> <a href=\"http:\/\/folhadosudeste.com\/site\/wp-content\/uploads\/2022\/07\/cavalgada06.png\"><img loading=\"lazy\" decoding=\"async\" class=\"alignnone size-full wp-image-83191\" src=\"http:\/\/folhadosudeste.com\/site\/wp-content\/uploads\/2022\/07\/cavalgada06.png\" alt=\"\" width=\"1183\" height=\"887\" srcset=\"https:\/\/folhadosudeste.com\/site\/wp-content\/uploads\/2022\/07\/cavalgada06.png 1183w, https:\/\/folhadosudeste.com\/site\/wp-content\/uploads\/2022\/07\/cavalgada06-300x225.png 300w, https:\/\/folhadosudeste.com\/site\/wp-content\/uploads\/2022\/07\/cavalgada06-768x576.png 768w, https:\/\/folhadosudeste.com\/site\/wp-content\/uploads\/2022\/07\/cavalgada06-1024x768.png 1024w\" sizes=\"auto, (max-width: 1183px) 100vw, 1183px\" \/><\/a> <a href=\"http:\/\/folhadosudeste.com\/site\/wp-content\/uploads\/2022\/07\/cavalgada07.png\"><img loading=\"lazy\" decoding=\"async\" class=\"alignnone size-full wp-image-83192\" src=\"http:\/\/folhadosudeste.com\/site\/wp-content\/uploads\/2022\/07\/cavalgada07.png\" alt=\"\" width=\"1128\" height=\"846\" srcset=\"https:\/\/folhadosudeste.com\/site\/wp-content\/uploads\/2022\/07\/cavalgada07.png 1128w, https:\/\/folhadosudeste.com\/site\/wp-content\/uploads\/2022\/07\/cavalgada07-300x225.png 300w, https:\/\/folhadosudeste.com\/site\/wp-content\/uploads\/2022\/07\/cavalgada07-768x576.png 768w, https:\/\/folhadosudeste.com\/site\/wp-content\/uploads\/2022\/07\/cavalgada07-1024x768.png 1024w\" sizes=\"auto, (max-width: 1128px) 100vw, 1128px\" \/><\/a><\/div>\n","protected":false},"excerpt":{"rendered":"<p>Ap\u00f3s dois anos de interrup\u00e7\u00e3o devido \u00e0 pandemia, a tradicional Cavalgada de Belis\u00e1rio voltou a acontecer no \u00faltimo fim de semana. Foi a 21\u00aa edi\u00e7\u00e3o da festa, que reuniu centenas de participantes de Muria\u00e9 e diversos munic\u00edpios da regi\u00e3o. &nbsp; Os cavaleiros se reuniram no domingo, dia 10, para o percurso em meio \u00e0s matas [&hellip;]<\/p>\n","protected":false},"author":6,"featured_media":0,"comment_status":"open","ping_status":"closed","sticky":false,"template":"","format":"standard","meta":{"_joinchat":[],"footnotes":""},"categories":[1],"tags":[],"class_list":["post-83185","post","type-post","status-publish","format-standard","hentry","category-sem-categoria"],"_links":{"self":[{"href":"https:\/\/folhadosudeste.com\/site\/index.php?rest_route=\/wp\/v2\/posts\/83185","targetHints":{"allow":["GET"]}}],"collection":[{"href":"https:\/\/folhadosudeste.com\/site\/index.php?rest_route=\/wp\/v2\/posts"}],"about":[{"href":"https:\/\/folhadosudeste.com\/site\/index.php?rest_route=\/wp\/v2\/types\/post"}],"author":[{"embeddable":true,"href":"https:\/\/folhadosudeste.com\/site\/index.php?rest_route=\/wp\/v2\/users\/6"}],"replies":[{"embeddable":true,"href":"https:\/\/folhadosudeste.com\/site\/index.php?rest_route=%2Fwp%2Fv2%2Fcomments&post=83185"}],"version-history":[{"count":1,"href":"https:\/\/folhadosudeste.com\/site\/index.php?rest_route=\/wp\/v2\/posts\/83185\/revisions"}],"predecessor-version":[{"id":83193,"href":"https:\/\/folhadosudeste.com\/site\/index.php?rest_route=\/wp\/v2\/posts\/83185\/revisions\/83193"}],"wp:attachment":[{"href":"https:\/\/folhadosudeste.com\/site\/index.php?rest_route=%2Fwp%2Fv2%2Fmedia&parent=83185"}],"wp:term":[{"taxonomy":"category","embeddable":true,"href":"https:\/\/folhadosudeste.com\/site\/index.php?rest_route=%2Fwp%2Fv2%2Fcategories&post=83185"},{"taxonomy":"post_tag","embeddable":true,"href":"https:\/\/folhadosudeste.com\/site\/index.php?rest_route=%2Fwp%2Fv2%2Ftags&post=83185"}],"curies":[{"name":"wp","href":"https:\/\/api.w.org\/{rel}","templated":true}]}}