{"id":83203,"date":"2022-07-12T15:57:39","date_gmt":"2022-07-12T15:57:39","guid":{"rendered":"http:\/\/folhadosudeste.com\/site\/?p=83203"},"modified":"2022-07-12T15:57:39","modified_gmt":"2022-07-12T15:57:39","slug":"ultimo-prazo-para-retirada-de-chaves-do-vermelho-ii","status":"publish","type":"post","link":"https:\/\/folhadosudeste.com\/site\/?p=83203","title":{"rendered":"\u00daltimo prazo para retirada de chaves do Vermelho II"},"content":{"rendered":"<div><a href=\"http:\/\/folhadosudeste.com\/site\/wp-content\/uploads\/2022\/07\/casas-01.jpeg\"><img loading=\"lazy\" decoding=\"async\" class=\"alignnone size-full wp-image-83204\" src=\"http:\/\/folhadosudeste.com\/site\/wp-content\/uploads\/2022\/07\/casas-01.jpeg\" alt=\"\" width=\"1600\" height=\"1200\" srcset=\"https:\/\/folhadosudeste.com\/site\/wp-content\/uploads\/2022\/07\/casas-01.jpeg 1600w, https:\/\/folhadosudeste.com\/site\/wp-content\/uploads\/2022\/07\/casas-01-300x225.jpeg 300w, https:\/\/folhadosudeste.com\/site\/wp-content\/uploads\/2022\/07\/casas-01-768x576.jpeg 768w, https:\/\/folhadosudeste.com\/site\/wp-content\/uploads\/2022\/07\/casas-01-1024x768.jpeg 1024w\" sizes=\"auto, (max-width: 1600px) 100vw, 1600px\" \/><\/a><\/div>\n<div style=\"text-align: justify;\">As 13 pessoas que receberam casas no Vermelho II e ainda n\u00e3o pegaram as chaves t\u00eam somente at\u00e9 a pr\u00f3xima sexta-feira, dia 15 de julho, para fazer a retirada.<\/div>\n<div style=\"text-align: justify;\">&nbsp;<\/div>\n<div style=\"text-align: justify;\">O atendimento est\u00e1 sendo feito na Secretaria Municipal de Desenvolvimento Social \u2013 mais especificamente no setor de Habita\u00e7\u00e3o de Interesse Social. O endere\u00e7o \u00e9 Avenida Silv\u00e9rio Campos, 258, Safira, e o hor\u00e1rio de funcionamento \u00e9 das 7h30 \u00e0s 11h30 e das 13h \u00e0s 17h.<\/div>\n<div style=\"text-align: justify;\">&nbsp;<\/div>\n<div style=\"text-align: justify;\">Importante: somente o titular da inscri\u00e7\u00e3o poder\u00e1 fazer a retirada das chaves, exceto nos casos de morte. Nessas situa\u00e7\u00f5es, \u00e9 obrigat\u00f3rio comprovar o falecimento atrav\u00e9s de apresenta\u00e7\u00e3o da certid\u00e3o de \u00f3bito.&nbsp;<\/div>\n<div style=\"text-align: justify;\">&nbsp;<\/div>\n<div style=\"text-align: justify;\">Vale ressaltar novamente que a data de 15 de julho \u00e9 o prazo final para a retirada das chaves. Quem n\u00e3o comparecer ficar\u00e1 automaticamente eliminado do cadastro habitacional, sem possibilidade de reconsidera\u00e7\u00e3o.<\/p>\n<p>A rela\u00e7\u00e3o completa de quem ainda n\u00e3o fez a retirada est\u00e1 dispon\u00edvel em&nbsp;<a href=\"http:\/\/muriae.mg.gov.br\/ultimoprazo\" target=\"_blank\" rel=\"noopener\" data-saferedirecturl=\"https:\/\/www.google.com\/url?q=http:\/\/muriae.mg.gov.br\/ultimoprazo&amp;source=gmail&amp;ust=1657720097295000&amp;usg=AOvVaw1YfND5az2xFQg9yesZSPgh\">muriae.mg.gov.br\/ultimoprazo<\/a>.<\/div>\n","protected":false},"excerpt":{"rendered":"<p>As 13 pessoas que receberam casas no Vermelho II e ainda n\u00e3o pegaram as chaves t\u00eam somente at\u00e9 a pr\u00f3xima sexta-feira, dia 15 de julho, para fazer a retirada. &nbsp; O atendimento est\u00e1 sendo feito na Secretaria Municipal de Desenvolvimento Social \u2013 mais especificamente no setor de Habita\u00e7\u00e3o de Interesse Social. O endere\u00e7o \u00e9 Avenida [&hellip;]<\/p>\n","protected":false},"author":6,"featured_media":0,"comment_status":"open","ping_status":"closed","sticky":false,"template":"","format":"standard","meta":{"_joinchat":[],"footnotes":""},"categories":[1],"tags":[],"class_list":["post-83203","post","type-post","status-publish","format-standard","hentry","category-sem-categoria"],"_links":{"self":[{"href":"https:\/\/folhadosudeste.com\/site\/index.php?rest_route=\/wp\/v2\/posts\/83203","targetHints":{"allow":["GET"]}}],"collection":[{"href":"https:\/\/folhadosudeste.com\/site\/index.php?rest_route=\/wp\/v2\/posts"}],"about":[{"href":"https:\/\/folhadosudeste.com\/site\/index.php?rest_route=\/wp\/v2\/types\/post"}],"author":[{"embeddable":true,"href":"https:\/\/folhadosudeste.com\/site\/index.php?rest_route=\/wp\/v2\/users\/6"}],"replies":[{"embeddable":true,"href":"https:\/\/folhadosudeste.com\/site\/index.php?rest_route=%2Fwp%2Fv2%2Fcomments&post=83203"}],"version-history":[{"count":1,"href":"https:\/\/folhadosudeste.com\/site\/index.php?rest_route=\/wp\/v2\/posts\/83203\/revisions"}],"predecessor-version":[{"id":83205,"href":"https:\/\/folhadosudeste.com\/site\/index.php?rest_route=\/wp\/v2\/posts\/83203\/revisions\/83205"}],"wp:attachment":[{"href":"https:\/\/folhadosudeste.com\/site\/index.php?rest_route=%2Fwp%2Fv2%2Fmedia&parent=83203"}],"wp:term":[{"taxonomy":"category","embeddable":true,"href":"https:\/\/folhadosudeste.com\/site\/index.php?rest_route=%2Fwp%2Fv2%2Fcategories&post=83203"},{"taxonomy":"post_tag","embeddable":true,"href":"https:\/\/folhadosudeste.com\/site\/index.php?rest_route=%2Fwp%2Fv2%2Ftags&post=83203"}],"curies":[{"name":"wp","href":"https:\/\/api.w.org\/{rel}","templated":true}]}}