{"id":83206,"date":"2022-07-12T16:00:34","date_gmt":"2022-07-12T16:00:34","guid":{"rendered":"http:\/\/folhadosudeste.com\/site\/?p=83206"},"modified":"2022-07-12T16:00:34","modified_gmt":"2022-07-12T16:00:34","slug":"inovacao-e-pioneirismo-novas-apostilas-das-escolas-municipais-sao-exclusivas-e-adaptadas-para-realidade-local","status":"publish","type":"post","link":"https:\/\/folhadosudeste.com\/site\/?p=83206","title":{"rendered":"Inova\u00e7\u00e3o e pioneirismo: novas apostilas das escolas municipais s\u00e3o exclusivas e adaptadas para realidade local"},"content":{"rendered":"<div id=\":pl\" class=\"ii gt\">\n<div id=\":pk\" class=\"a3s aiL \">\n<div dir=\"ltr\">\n<div dir=\"ltr\">\n<div><a href=\"http:\/\/folhadosudeste.com\/site\/wp-content\/uploads\/2022\/07\/apostila03.jpeg\"><img loading=\"lazy\" decoding=\"async\" class=\"alignnone size-full wp-image-83207\" src=\"http:\/\/folhadosudeste.com\/site\/wp-content\/uploads\/2022\/07\/apostila03.jpeg\" alt=\"\" width=\"1280\" height=\"959\" srcset=\"https:\/\/folhadosudeste.com\/site\/wp-content\/uploads\/2022\/07\/apostila03.jpeg 1280w, https:\/\/folhadosudeste.com\/site\/wp-content\/uploads\/2022\/07\/apostila03-300x225.jpeg 300w, https:\/\/folhadosudeste.com\/site\/wp-content\/uploads\/2022\/07\/apostila03-768x575.jpeg 768w, https:\/\/folhadosudeste.com\/site\/wp-content\/uploads\/2022\/07\/apostila03-1024x767.jpeg 1024w\" sizes=\"auto, (max-width: 1280px) 100vw, 1280px\" \/><\/a><\/div>\n<div style=\"text-align: justify;\">Em Muria\u00e9, os alunos da rede municipal, nos n\u00edveis de Educa\u00e7\u00e3o Infantil e Ensino Fundamental II, contam agora com material did\u00e1tico exclusivo e totalmente elaborado para a pr\u00f3pria realidade.<\/div>\n<div style=\"text-align: justify;\">&nbsp;<\/div>\n<div style=\"text-align: justify;\">As novas apostilas da Secretaria Municipal e Educa\u00e7\u00e3o foram desenvolvidas no pr\u00f3prio munic\u00edpio, em um trabalho 100% autoral que envolveu profissionais das mais diversas \u00e1reas.<\/div>\n<div style=\"text-align: justify;\">&nbsp;<\/div>\n<div style=\"text-align: justify;\">&#8220;Tivemos a colabora\u00e7\u00e3o de diretores escolares, professores, supervisores e t\u00e9cnicos da nossa equipe pedag\u00f3gica, al\u00e9m de estagi\u00e1rios, ilutradores, designers e diagramadores&#8221;, explica a adjunta de Educa\u00e7\u00e3o de Muria\u00e9, Andr\u00e9a Medina.<\/div>\n<div style=\"text-align: justify;\">&nbsp;<\/div>\n<div style=\"text-align: justify;\">Para a Educa\u00e7\u00e3o Infantil, as apostilas s\u00e3o semestrais e direcionadas para crian\u00e7as do maternal e tamb\u00e9m de primeiro e segundo per\u00edodos.<\/div>\n<div style=\"text-align: justify;\">&nbsp;<\/div>\n<div style=\"text-align: justify;\">J\u00e1 o Ensino Fundamental II, que compreende do sexto ao nono ano, tem material bimestral e focado para o ensino de g\u00eaneros textuais.<\/div>\n<div style=\"text-align: justify;\">&nbsp;<\/div>\n<div style=\"text-align: justify;\">A concep\u00e7\u00e3o do projeto durou aproximadamente um ano. A metodologia buscou abordar as habilidades previstas na Base Nacional Comum Curricular, por\u00e9m contextualizadas para a realidade do munic\u00edpio.<\/div>\n<\/div>\n<\/div>\n<\/div>\n<\/div>\n<p><!--more--><\/p>\n<div style=\"text-align: justify;\">\u201cFui professora por mais de 30 anos. N\u00f3s us\u00e1vamos sempre os livros que os outros faziam. E agora, pela primeira vez em nossa cidade, nossos meninos v\u00e3o estudar com um material exclusivo e feito especialmente para eles\u201d, pontua a secret\u00e1ria municipal de Educa\u00e7\u00e3o, Maria Am\u00e9lia Xaia.<\/div>\n<div style=\"text-align: justify;\">&nbsp;<\/div>\n<div style=\"text-align: justify;\">O evento de lan\u00e7amento das novas apostilas aconteceu na \u00faltima semana, na Faculdade Santa Marcelina, em Muria\u00e9. O prefeito Marcos Guarino celebrou a iniciativa e lembrou que as dificuldades impostas pela pandemia geraram desafios ainda maiores para a educa\u00e7\u00e3o.<\/div>\n<div style=\"text-align: justify;\">&nbsp;<\/div>\n<div style=\"text-align: justify;\">\u201cAs escolas p\u00fablicas s\u00e3o as que lidam diretamente com as crian\u00e7as que foram mais lesadas pela pandemia, em termos de cultura e educa\u00e7\u00e3o. Temos que fazer uma revolu\u00e7\u00e3o cultural neste momento, e isso tem que sair no pr\u00f3prio munic\u00edpio. N\u00f3s moramos aqui, e \u00e9 aqui que temos que ver nosso trabalho render e acontecer\u201d, destacou.<\/div>\n<div id=\":19l\" class=\"hq gt\" style=\"text-align: justify;\">&nbsp;<\/div>\n","protected":false},"excerpt":{"rendered":"<p>Em Muria\u00e9, os alunos da rede municipal, nos n\u00edveis de Educa\u00e7\u00e3o Infantil e Ensino Fundamental II, contam agora com material did\u00e1tico exclusivo e totalmente elaborado para a pr\u00f3pria realidade. &nbsp; As novas apostilas da Secretaria Municipal e Educa\u00e7\u00e3o foram desenvolvidas no pr\u00f3prio munic\u00edpio, em um trabalho 100% autoral que envolveu profissionais das mais diversas \u00e1reas. [&hellip;]<\/p>\n","protected":false},"author":6,"featured_media":0,"comment_status":"open","ping_status":"closed","sticky":false,"template":"","format":"standard","meta":{"_joinchat":[],"footnotes":""},"categories":[1],"tags":[],"class_list":["post-83206","post","type-post","status-publish","format-standard","hentry","category-sem-categoria"],"_links":{"self":[{"href":"https:\/\/folhadosudeste.com\/site\/index.php?rest_route=\/wp\/v2\/posts\/83206","targetHints":{"allow":["GET"]}}],"collection":[{"href":"https:\/\/folhadosudeste.com\/site\/index.php?rest_route=\/wp\/v2\/posts"}],"about":[{"href":"https:\/\/folhadosudeste.com\/site\/index.php?rest_route=\/wp\/v2\/types\/post"}],"author":[{"embeddable":true,"href":"https:\/\/folhadosudeste.com\/site\/index.php?rest_route=\/wp\/v2\/users\/6"}],"replies":[{"embeddable":true,"href":"https:\/\/folhadosudeste.com\/site\/index.php?rest_route=%2Fwp%2Fv2%2Fcomments&post=83206"}],"version-history":[{"count":1,"href":"https:\/\/folhadosudeste.com\/site\/index.php?rest_route=\/wp\/v2\/posts\/83206\/revisions"}],"predecessor-version":[{"id":83208,"href":"https:\/\/folhadosudeste.com\/site\/index.php?rest_route=\/wp\/v2\/posts\/83206\/revisions\/83208"}],"wp:attachment":[{"href":"https:\/\/folhadosudeste.com\/site\/index.php?rest_route=%2Fwp%2Fv2%2Fmedia&parent=83206"}],"wp:term":[{"taxonomy":"category","embeddable":true,"href":"https:\/\/folhadosudeste.com\/site\/index.php?rest_route=%2Fwp%2Fv2%2Fcategories&post=83206"},{"taxonomy":"post_tag","embeddable":true,"href":"https:\/\/folhadosudeste.com\/site\/index.php?rest_route=%2Fwp%2Fv2%2Ftags&post=83206"}],"curies":[{"name":"wp","href":"https:\/\/api.w.org\/{rel}","templated":true}]}}