{"id":83212,"date":"2022-07-13T14:42:13","date_gmt":"2022-07-13T14:42:13","guid":{"rendered":"http:\/\/folhadosudeste.com\/site\/?p=83212"},"modified":"2022-07-13T14:42:13","modified_gmt":"2022-07-13T14:42:13","slug":"mudanca-no-local-de-aplicacao-da-vacina-infantil-contra-covid","status":"publish","type":"post","link":"https:\/\/folhadosudeste.com\/site\/?p=83212","title":{"rendered":"Mudan\u00e7a no local de aplica\u00e7\u00e3o da vacina infantil contra covid"},"content":{"rendered":"<p style=\"text-align: justify;\"><a href=\"http:\/\/folhadosudeste.com\/site\/wp-content\/uploads\/2022\/07\/novolocal.jpeg\"><img loading=\"lazy\" decoding=\"async\" class=\"alignnone size-full wp-image-83213\" src=\"http:\/\/folhadosudeste.com\/site\/wp-content\/uploads\/2022\/07\/novolocal.jpeg\" alt=\"\" width=\"1080\" height=\"1080\" srcset=\"https:\/\/folhadosudeste.com\/site\/wp-content\/uploads\/2022\/07\/novolocal.jpeg 1080w, https:\/\/folhadosudeste.com\/site\/wp-content\/uploads\/2022\/07\/novolocal-150x150.jpeg 150w, https:\/\/folhadosudeste.com\/site\/wp-content\/uploads\/2022\/07\/novolocal-300x300.jpeg 300w, https:\/\/folhadosudeste.com\/site\/wp-content\/uploads\/2022\/07\/novolocal-768x768.jpeg 768w, https:\/\/folhadosudeste.com\/site\/wp-content\/uploads\/2022\/07\/novolocal-1024x1024.jpeg 1024w\" sizes=\"auto, (max-width: 1080px) 100vw, 1080px\" \/><\/a><\/p>\n<p style=\"text-align: justify;\">A partir desta quarta-feira, dia 13\/07, a vacina\u00e7\u00e3o INFANTIL contra a covid vai acontecer somente no Centro de Imuniza\u00e7\u00e3o Municipal (ao lado do Centro Administrativo).<\/p>\n<p>O atendimento \u00e9 de segunda a sexta-feira, no hor\u00e1rio entre 8h e 18h.<\/p>\n<p>A vacina infantil contra covid est\u00e1 dispon\u00edvel para crian\u00e7as a partir de 5 anos de idade.<\/p>\n<div class=\"yj6qo\" style=\"text-align: justify;\">&nbsp;<\/div>\n<div class=\"adL\" style=\"text-align: justify;\">&nbsp;<\/div>\n","protected":false},"excerpt":{"rendered":"<p>A partir desta quarta-feira, dia 13\/07, a vacina\u00e7\u00e3o INFANTIL contra a covid vai acontecer somente no Centro de Imuniza\u00e7\u00e3o Municipal (ao lado do Centro Administrativo). O atendimento \u00e9 de segunda a sexta-feira, no hor\u00e1rio entre 8h e 18h. A vacina infantil contra covid est\u00e1 dispon\u00edvel para crian\u00e7as a partir de 5 anos de idade. &nbsp; [&hellip;]<\/p>\n","protected":false},"author":6,"featured_media":0,"comment_status":"open","ping_status":"closed","sticky":false,"template":"","format":"standard","meta":{"_joinchat":[],"footnotes":""},"categories":[1],"tags":[],"class_list":["post-83212","post","type-post","status-publish","format-standard","hentry","category-sem-categoria"],"_links":{"self":[{"href":"https:\/\/folhadosudeste.com\/site\/index.php?rest_route=\/wp\/v2\/posts\/83212","targetHints":{"allow":["GET"]}}],"collection":[{"href":"https:\/\/folhadosudeste.com\/site\/index.php?rest_route=\/wp\/v2\/posts"}],"about":[{"href":"https:\/\/folhadosudeste.com\/site\/index.php?rest_route=\/wp\/v2\/types\/post"}],"author":[{"embeddable":true,"href":"https:\/\/folhadosudeste.com\/site\/index.php?rest_route=\/wp\/v2\/users\/6"}],"replies":[{"embeddable":true,"href":"https:\/\/folhadosudeste.com\/site\/index.php?rest_route=%2Fwp%2Fv2%2Fcomments&post=83212"}],"version-history":[{"count":1,"href":"https:\/\/folhadosudeste.com\/site\/index.php?rest_route=\/wp\/v2\/posts\/83212\/revisions"}],"predecessor-version":[{"id":83214,"href":"https:\/\/folhadosudeste.com\/site\/index.php?rest_route=\/wp\/v2\/posts\/83212\/revisions\/83214"}],"wp:attachment":[{"href":"https:\/\/folhadosudeste.com\/site\/index.php?rest_route=%2Fwp%2Fv2%2Fmedia&parent=83212"}],"wp:term":[{"taxonomy":"category","embeddable":true,"href":"https:\/\/folhadosudeste.com\/site\/index.php?rest_route=%2Fwp%2Fv2%2Fcategories&post=83212"},{"taxonomy":"post_tag","embeddable":true,"href":"https:\/\/folhadosudeste.com\/site\/index.php?rest_route=%2Fwp%2Fv2%2Ftags&post=83212"}],"curies":[{"name":"wp","href":"https:\/\/api.w.org\/{rel}","templated":true}]}}