{"id":83244,"date":"2022-07-14T14:57:10","date_gmt":"2022-07-14T14:57:10","guid":{"rendered":"http:\/\/folhadosudeste.com\/site\/?p=83244"},"modified":"2022-07-14T14:57:10","modified_gmt":"2022-07-14T14:57:10","slug":"energisa-ja-cadastrou-cerca-de-20-mil-familias-na-tarifa-social-este-ano-veja-quem-tem-direito","status":"publish","type":"post","link":"https:\/\/folhadosudeste.com\/site\/?p=83244","title":{"rendered":"Energisa j\u00e1 cadastrou cerca de 20 mil fam\u00edlias na Tarifa Social este ano. Veja quem tem direito."},"content":{"rendered":"<p style=\"text-align: justify;\"><a href=\"http:\/\/folhadosudeste.com\/site\/wp-content\/uploads\/2022\/07\/image002.jpg\"><img loading=\"lazy\" decoding=\"async\" class=\"alignnone size-full wp-image-83245\" src=\"http:\/\/folhadosudeste.com\/site\/wp-content\/uploads\/2022\/07\/image002.jpg\" alt=\"\" width=\"880\" height=\"586\" srcset=\"https:\/\/folhadosudeste.com\/site\/wp-content\/uploads\/2022\/07\/image002.jpg 880w, https:\/\/folhadosudeste.com\/site\/wp-content\/uploads\/2022\/07\/image002-300x200.jpg 300w, https:\/\/folhadosudeste.com\/site\/wp-content\/uploads\/2022\/07\/image002-768x511.jpg 768w, https:\/\/folhadosudeste.com\/site\/wp-content\/uploads\/2022\/07\/image002-120x80.jpg 120w, https:\/\/folhadosudeste.com\/site\/wp-content\/uploads\/2022\/07\/image002-345x230.jpg 345w\" sizes=\"auto, (max-width: 880px) 100vw, 880px\" \/><\/a><\/p>\n<ul style=\"font-weight: 400; text-align: justify;\">\n<li style=\"text-align: justify;\"><em>A\u00e7\u00f5es da Energisa contribuem para identificar clientes que t\u00eam direito a desconto na conta de energia;<\/em><\/li>\n<li style=\"text-align: justify;\"><em>Energisa orienta fam\u00edlias que se enquadram nos requisitos do programa, mas n\u00e3o recebem o benef\u00edcio devido a informa\u00e7\u00f5es cadastrais desatualizadas ou incompletas.<\/em><\/li>\n<\/ul>\n<p class=\"m_-5262128688970634185paragraph\" style=\"text-align: justify;\"><span class=\"m_-5262128688970634185normaltextrun\">A Energisa est\u00e1 realizando uma busca ativa, por meio de cruzamento de dados e parceria com os centros de Refer\u00eancia de Assist\u00eancia Social (CRAS), para identificar as 53 mil fam\u00edlias de baixa renda na \u00e1rea de concess\u00e3o em Minas, que possivelmente atendem aos requisitos do programa Tarifa Social de Energia El\u00e9trica (TSEE), mas ainda n\u00e3o recebem o desconto na conta de energia que pode chegar a 65%.<\/span><u><\/u><u><\/u><\/p>\n<p class=\"m_-5262128688970634185paragraph\" style=\"text-align: justify;\"><span class=\"m_-5262128688970634185normaltextrun\">Entre os motivos:<u><\/u><u><\/u><\/span><\/p>\n<ul style=\"text-align: justify;\" type=\"disc\">\n<li class=\"m_-5262128688970634185paragraph\"><span class=\"m_-5262128688970634185normaltextrun\">dados da fam\u00edlia est\u00e3o desatualizados, seja no sistema do governo ou na base da Energisa, com isso n\u00e3o \u00e9 poss\u00edvel cruzar os dados. Para corrigir alguma inconsist\u00eancia, a Energisa comparou o cadastro das fam\u00edlias no governo com os dados na distribuidora, identificando, at\u00e9 o m\u00eas de junho, cerca de 20 mil clientes que t\u00eam direito e j\u00e1 os inscreveu na Tarifa Social de Energia El\u00e9trica;<u><\/u><u><\/u><\/span><\/li>\n<li class=\"m_-5262128688970634185paragraph\"><span class=\"m_-5262128688970634185normaltextrun\">fam\u00edlias t\u00eam cadastro em algum programa social do governo, mas n\u00e3o \u00e9 o titular da conta. Neste caso, \u00e9 preciso alterar a titularidade da conta junto \u00e0 Energisa para que seja enquadrado, automaticamente, na categoria baixa renda. Ou a pessoa benefici\u00e1ria comprovar que reside junto ao titular da conta, tendo nesse caso que procurar a Energisa.<\/span><\/li>\n<\/ul>\n<p class=\"m_-5262128688970634185paragraph\" style=\"text-align: justify;\"><!--more--><\/p>\n<p class=\"m_-5262128688970634185paragraph\" style=\"text-align: justify;\"><span class=\"m_-5262128688970634185normaltextrun\">Com o objetivo de buscar parcerias e aumentar o n\u00famero de clientes cadastrados na Tarifa Social de Energia El\u00e9trica, a Energisa reuniu, no in\u00edcio deste m\u00eas, os representantes dos CRAS das cidades da \u00e1rea de concess\u00e3o em Minas para explicar a import\u00e2ncia do cadastro e atualiza\u00e7\u00e3o dados e buscar melhorias para que a inscri\u00e7\u00e3o na Tarifa Social seja autom\u00e1tica.<\/span><\/p>\n<p style=\"text-align: justify;\"><a href=\"http:\/\/folhadosudeste.com\/site\/wp-content\/uploads\/2022\/07\/image003.jpg\"><img loading=\"lazy\" decoding=\"async\" class=\"alignnone size-full wp-image-83246\" src=\"http:\/\/folhadosudeste.com\/site\/wp-content\/uploads\/2022\/07\/image003.jpg\" alt=\"\" width=\"1255\" height=\"485\" srcset=\"https:\/\/folhadosudeste.com\/site\/wp-content\/uploads\/2022\/07\/image003.jpg 1255w, https:\/\/folhadosudeste.com\/site\/wp-content\/uploads\/2022\/07\/image003-300x116.jpg 300w, https:\/\/folhadosudeste.com\/site\/wp-content\/uploads\/2022\/07\/image003-768x297.jpg 768w, https:\/\/folhadosudeste.com\/site\/wp-content\/uploads\/2022\/07\/image003-1024x396.jpg 1024w\" sizes=\"auto, (max-width: 1255px) 100vw, 1255px\" \/><\/a><\/p>\n<p class=\"m_-5262128688970634185paragraph\" style=\"text-align: justify;\"><span class=\"m_-5262128688970634185normaltextrun\">Com essas a\u00e7\u00f5es, a Energisa j\u00e1 identificou e cadastrou na Tarifa Social, somente este ano, cerca de 20 mil clientes. Outros trinta e tr\u00eas ainda podem ter direito ao benef\u00edcio. Visitas a campo ser\u00e3o realizadas para identifica\u00e7\u00e3o dessas fam\u00edlias. Veja abaixo se voc\u00ea se enquadra nos requisitos.<u><\/u><u><\/u><\/span><\/p>\n<p class=\"m_-5262128688970634185paragraph\" style=\"text-align: justify;\"><span class=\"m_-5262128688970634185normaltextrun\"><u><\/u>&nbsp;<u><\/u><\/span><\/p>\n<p class=\"m_-5262128688970634185paragraph\" style=\"text-align: justify;\"><span class=\"m_-5262128688970634185normaltextrun\"><b>Quem tem direito?<\/b><\/span><span class=\"m_-5262128688970634185eop\">&nbsp;<\/span><u><\/u><u><\/u><\/p>\n<p class=\"m_-5262128688970634185paragraph\" style=\"text-align: justify;\"><span class=\"m_-5262128688970634185normaltextrun\">A tarifa social \u00e9 um benef\u00edcio do governo federal que concede desconto de at\u00e9 65% na conta de energia, dependendo do consumo do im\u00f3vel. Podem receber:<\/span><span class=\"m_-5262128688970634185eop\">&nbsp;<\/span><u><\/u><u><\/u><\/p>\n<p class=\"m_-5262128688970634185paragraph\" style=\"text-align: justify;\"><span class=\"m_-5262128688970634185eop\">&nbsp;<\/span><u><\/u><u><\/u><\/p>\n<p class=\"m_-5262128688970634185paragraph\" style=\"text-align: justify;\"><u><\/u>\u00b7&nbsp;&nbsp;&nbsp;&nbsp;&nbsp;&nbsp;&nbsp;&nbsp;&nbsp;<u><\/u><span class=\"m_-5262128688970634185normaltextrun\">Fam\u00edlias inscritas no Cadastro \u00danico com renda mensal menor ou igual a meio sal\u00e1rio-m\u00ednimo por pessoa;<\/span><span class=\"m_-5262128688970634185eop\">&nbsp;<\/span><u><\/u><u><\/u><\/p>\n<p class=\"m_-5262128688970634185paragraph\" style=\"text-align: justify;\"><u><\/u>\u00b7&nbsp;&nbsp;&nbsp;&nbsp;&nbsp;&nbsp;&nbsp;&nbsp;&nbsp;<u><\/u><span class=\"m_-5262128688970634185normaltextrun\">Fam\u00edlias com portador de doen\u00e7a que precise de aparelho el\u00e9trico para o tratamento &#8211; nesse caso com renda mensal de at\u00e9 tr\u00eas sal\u00e1rios-m\u00ednimos;<\/span><span class=\"m_-5262128688970634185eop\">&nbsp;<\/span><u><\/u><u><\/u><\/p>\n<p class=\"m_-5262128688970634185paragraph\" style=\"text-align: justify;\"><u><\/u>\u00b7&nbsp;&nbsp;&nbsp;&nbsp;&nbsp;&nbsp;&nbsp;&nbsp;&nbsp;<u><\/u><span class=\"m_-5262128688970634185normaltextrun\">Fam\u00edlias ind\u00edgenas, quilombola ou com integrante que receba o Benef\u00edcio de Presta\u00e7\u00e3o Continuada.&nbsp;<\/span><span class=\"m_-5262128688970634185eop\">&nbsp;<\/span><u><\/u><u><\/u><\/p>\n<p class=\"m_-5262128688970634185paragraph\" style=\"text-align: justify;\"><span class=\"m_-5262128688970634185eop\">&nbsp;<\/span><u><\/u><u><\/u><\/p>\n<p class=\"m_-5262128688970634185paragraph\" style=\"text-align: justify;\"><span class=\"m_-5262128688970634185normaltextrun\">Vale ressaltar que o programa define o percentual de desconto conforme o consumo mensal do im\u00f3vel:<\/span><u><\/u><u><\/u><\/p>\n<p class=\"m_-5262128688970634185paragraph\" style=\"text-align: justify;\"><u><\/u>\u00b7&nbsp;&nbsp;&nbsp;&nbsp;&nbsp;&nbsp;&nbsp;&nbsp;&nbsp;<u><\/u><span class=\"m_-5262128688970634185normaltextrun\"><b>65%<\/b><\/span><span class=\"m_-5262128688970634185normaltextrun\">&nbsp;de desconto para clientes que consomem at\u00e9 30 kWh\/m\u00eas;<\/span><u><\/u><u><\/u><\/p>\n<p class=\"m_-5262128688970634185paragraph\" style=\"text-align: justify;\"><u><\/u>\u00b7&nbsp;&nbsp;&nbsp;&nbsp;&nbsp;&nbsp;&nbsp;&nbsp;&nbsp;<u><\/u><span class=\"m_-5262128688970634185normaltextrun\"><b>40%<\/b><\/span><span class=\"m_-5262128688970634185normaltextrun\">&nbsp;de desconto para quem consome de 31 kWh\/m\u00eas a 100 kWh\/m\u00eas;&nbsp;<\/span><span class=\"m_-5262128688970634185eop\">&nbsp;<\/span><u><\/u><u><\/u><\/p>\n<p class=\"m_-5262128688970634185paragraph\" style=\"text-align: justify;\"><u><\/u>\u00b7&nbsp;&nbsp;&nbsp;&nbsp;&nbsp;&nbsp;&nbsp;&nbsp;&nbsp;<u><\/u><span class=\"m_-5262128688970634185normaltextrun\"><b>10%<\/b><\/span><span class=\"m_-5262128688970634185normaltextrun\">&nbsp;de desconto para consumo de 101 kWh\/m\u00eas at\u00e9 220 kWh\/m\u00eas;&nbsp;<\/span><span class=\"m_-5262128688970634185eop\">&nbsp;<\/span><u><\/u><u><\/u><\/p>\n<p class=\"m_-5262128688970634185paragraph\" style=\"text-align: justify;\"><u><\/u>\u00b7&nbsp;&nbsp;&nbsp;&nbsp;&nbsp;&nbsp;&nbsp;&nbsp;&nbsp;<u><\/u><span class=\"m_-5262128688970634185normaltextrun\"><b>N\u00e3o h\u00e1 desconto<\/b><\/span><span class=\"m_-5262128688970634185normaltextrun\">&nbsp;para consumos superiores a 220 kWh.<\/span><span class=\"m_-5262128688970634185eop\">&nbsp;<\/span><u><\/u><u><\/u><\/p>\n<p class=\"m_-5262128688970634185paragraph\" style=\"text-align: justify;\"><span class=\"m_-5262128688970634185eop\">&nbsp;<\/span><u><\/u><u><\/u><\/p>\n<p class=\"m_-5262128688970634185paragraph\" style=\"text-align: justify;\"><span class=\"m_-5262128688970634185normaltextrun\">Se voc\u00ea tem d\u00favidas sobre a Tarifa Social ou deseja atualizar o seu cadastro, entre em contato com a Energisa pelos canais de atendimento: aplicativo&nbsp;<b>Energisa On<\/b>; site:<b>\u202f<a href=\"http:\/\/energisa.com.br\/\" target=\"_blank\" rel=\"noopener\" data-saferedirecturl=\"https:\/\/www.google.com\/url?q=http:\/\/energisa.com.br&amp;source=gmail&amp;ust=1657896712566000&amp;usg=AOvVaw3FHmy4TPZoMQkGfvZ1pD5a\">energisa.com.br<\/a><\/b><\/span><strong>; ou Call Center:&nbsp;<b>0800 032 0196<\/b>.<\/strong><\/p>\n","protected":false},"excerpt":{"rendered":"<p>A\u00e7\u00f5es da Energisa contribuem para identificar clientes que t\u00eam direito a desconto na conta de energia; Energisa orienta fam\u00edlias que se enquadram nos requisitos do programa, mas n\u00e3o recebem o benef\u00edcio devido a informa\u00e7\u00f5es cadastrais desatualizadas ou incompletas. A Energisa est\u00e1 realizando uma busca ativa, por meio de cruzamento de dados e parceria com os [&hellip;]<\/p>\n","protected":false},"author":6,"featured_media":0,"comment_status":"open","ping_status":"closed","sticky":false,"template":"","format":"standard","meta":{"_joinchat":[],"footnotes":""},"categories":[1],"tags":[],"class_list":["post-83244","post","type-post","status-publish","format-standard","hentry","category-sem-categoria"],"_links":{"self":[{"href":"https:\/\/folhadosudeste.com\/site\/index.php?rest_route=\/wp\/v2\/posts\/83244","targetHints":{"allow":["GET"]}}],"collection":[{"href":"https:\/\/folhadosudeste.com\/site\/index.php?rest_route=\/wp\/v2\/posts"}],"about":[{"href":"https:\/\/folhadosudeste.com\/site\/index.php?rest_route=\/wp\/v2\/types\/post"}],"author":[{"embeddable":true,"href":"https:\/\/folhadosudeste.com\/site\/index.php?rest_route=\/wp\/v2\/users\/6"}],"replies":[{"embeddable":true,"href":"https:\/\/folhadosudeste.com\/site\/index.php?rest_route=%2Fwp%2Fv2%2Fcomments&post=83244"}],"version-history":[{"count":1,"href":"https:\/\/folhadosudeste.com\/site\/index.php?rest_route=\/wp\/v2\/posts\/83244\/revisions"}],"predecessor-version":[{"id":83247,"href":"https:\/\/folhadosudeste.com\/site\/index.php?rest_route=\/wp\/v2\/posts\/83244\/revisions\/83247"}],"wp:attachment":[{"href":"https:\/\/folhadosudeste.com\/site\/index.php?rest_route=%2Fwp%2Fv2%2Fmedia&parent=83244"}],"wp:term":[{"taxonomy":"category","embeddable":true,"href":"https:\/\/folhadosudeste.com\/site\/index.php?rest_route=%2Fwp%2Fv2%2Fcategories&post=83244"},{"taxonomy":"post_tag","embeddable":true,"href":"https:\/\/folhadosudeste.com\/site\/index.php?rest_route=%2Fwp%2Fv2%2Ftags&post=83244"}],"curies":[{"name":"wp","href":"https:\/\/api.w.org\/{rel}","templated":true}]}}