{"id":83269,"date":"2022-07-15T13:25:40","date_gmt":"2022-07-15T13:25:40","guid":{"rendered":"http:\/\/folhadosudeste.com\/site\/?p=83269"},"modified":"2022-07-15T13:26:27","modified_gmt":"2022-07-15T13:26:27","slug":"jovem-tem-braco-amputado-em-acidente-em-fabrica-de-tecidos-em-muriae","status":"publish","type":"post","link":"https:\/\/folhadosudeste.com\/site\/?p=83269","title":{"rendered":"Jovem tem bra\u00e7o amputado em acidente em f\u00e1brica de tecidos em Muria\u00e9"},"content":{"rendered":"<h4><a href=\"http:\/\/folhadosudeste.com\/site\/wp-content\/uploads\/2022\/07\/C42BAE0F-A5BF-4168-912D-FB07A78D8DB8.jpeg\"><img loading=\"lazy\" decoding=\"async\" class=\"alignnone size-full wp-image-83270\" src=\"http:\/\/folhadosudeste.com\/site\/wp-content\/uploads\/2022\/07\/C42BAE0F-A5BF-4168-912D-FB07A78D8DB8.jpeg\" alt=\"\" width=\"600\" height=\"450\" srcset=\"https:\/\/folhadosudeste.com\/site\/wp-content\/uploads\/2022\/07\/C42BAE0F-A5BF-4168-912D-FB07A78D8DB8.jpeg 600w, https:\/\/folhadosudeste.com\/site\/wp-content\/uploads\/2022\/07\/C42BAE0F-A5BF-4168-912D-FB07A78D8DB8-300x225.jpeg 300w\" sizes=\"auto, (max-width: 600px) 100vw, 600px\" \/><\/a><\/h4>\n<h4 class=\"globo-amp-article-subtitle\"><em>Segundo informa\u00e7\u00f5es do Corpo de Bombeiros, ele ficou com o bra\u00e7o preso at\u00e9 a altura do ombro em uma m\u00e1quina<\/em><\/h4>\n<p style=\"text-align: justify;\">Um jovem de 21 anos teve o bra\u00e7o amputado em um acidente em uma f\u00e1brica de tecidos na madrugada desta quinta-feira (14) na Comunidade de Santo Cristo, em <a href=\"https:\/\/g1.globo.com\/mg\/zona-da-mata\/cidade\/muriae\/\">Muria\u00e9<\/a>. Ele foi socorrido por uma equipe do Corpo de Bombeiros.<\/p>\n<p style=\"text-align: justify;\">Segundo informa\u00e7\u00f5es repassadas pela v\u00edtima \u00e0 corpora\u00e7\u00e3o, ao abrir um compartimento da m\u00e1quina ele acabou n\u00e3o esperando o tempo necess\u00e1rio para que ela fosse desativada pelo sensor. Ele ficou com o bra\u00e7o preso at\u00e9 a altura do ombro.<\/p>\n<p style=\"text-align: justify;\">Ap\u00f3s ter sido retirado pelos bombeiros, o jovem foi encaminhado por uma equipe do Servi\u00e7o de Atendimento M\u00f3vel de Urg\u00eancia (Samu) para atendimento m\u00e9dico no Hospital S\u00e3o Paulo, onde foi encaminhado para realiza\u00e7\u00e3o de cirurgia.<\/p>\n<p style=\"text-align: justify;\">Como a identidade da v\u00edtima n\u00e3o foi informada, a produ\u00e7\u00e3o da <strong>TV Integra\u00e7\u00e3o<\/strong> n\u00e3o conseguiu atualiza\u00e7\u00f5es sobre o estado de sa\u00fade do jovem. O nome da f\u00e1brica onde ocorreu o acidente n\u00e3o foi divulgado, portanto, n\u00e3o foi poss\u00edvel pedir posicionamento.<\/p>\n<p>Fonte: G1\/Zonadamata<\/p>\n","protected":false},"excerpt":{"rendered":"<p>Segundo informa\u00e7\u00f5es do Corpo de Bombeiros, ele ficou com o bra\u00e7o preso at\u00e9 a altura do ombro em uma m\u00e1quina Um jovem de 21 anos teve o bra\u00e7o amputado em um acidente em uma f\u00e1brica de tecidos na madrugada desta quinta-feira (14) na Comunidade de Santo Cristo, em Muria\u00e9. Ele foi socorrido por uma equipe [&hellip;]<\/p>\n","protected":false},"author":6,"featured_media":0,"comment_status":"open","ping_status":"closed","sticky":false,"template":"","format":"standard","meta":{"_joinchat":[],"footnotes":""},"categories":[1],"tags":[],"class_list":["post-83269","post","type-post","status-publish","format-standard","hentry","category-sem-categoria"],"_links":{"self":[{"href":"https:\/\/folhadosudeste.com\/site\/index.php?rest_route=\/wp\/v2\/posts\/83269","targetHints":{"allow":["GET"]}}],"collection":[{"href":"https:\/\/folhadosudeste.com\/site\/index.php?rest_route=\/wp\/v2\/posts"}],"about":[{"href":"https:\/\/folhadosudeste.com\/site\/index.php?rest_route=\/wp\/v2\/types\/post"}],"author":[{"embeddable":true,"href":"https:\/\/folhadosudeste.com\/site\/index.php?rest_route=\/wp\/v2\/users\/6"}],"replies":[{"embeddable":true,"href":"https:\/\/folhadosudeste.com\/site\/index.php?rest_route=%2Fwp%2Fv2%2Fcomments&post=83269"}],"version-history":[{"count":2,"href":"https:\/\/folhadosudeste.com\/site\/index.php?rest_route=\/wp\/v2\/posts\/83269\/revisions"}],"predecessor-version":[{"id":83272,"href":"https:\/\/folhadosudeste.com\/site\/index.php?rest_route=\/wp\/v2\/posts\/83269\/revisions\/83272"}],"wp:attachment":[{"href":"https:\/\/folhadosudeste.com\/site\/index.php?rest_route=%2Fwp%2Fv2%2Fmedia&parent=83269"}],"wp:term":[{"taxonomy":"category","embeddable":true,"href":"https:\/\/folhadosudeste.com\/site\/index.php?rest_route=%2Fwp%2Fv2%2Fcategories&post=83269"},{"taxonomy":"post_tag","embeddable":true,"href":"https:\/\/folhadosudeste.com\/site\/index.php?rest_route=%2Fwp%2Fv2%2Ftags&post=83269"}],"curies":[{"name":"wp","href":"https:\/\/api.w.org\/{rel}","templated":true}]}}