{"id":83273,"date":"2022-07-15T17:04:41","date_gmt":"2022-07-15T17:04:41","guid":{"rendered":"http:\/\/folhadosudeste.com\/site\/?p=83273"},"modified":"2022-07-15T17:04:41","modified_gmt":"2022-07-15T17:04:41","slug":"prefeitura-realiza-primeira-etapa-do-torneio-curraleiro-de-2022","status":"publish","type":"post","link":"https:\/\/folhadosudeste.com\/site\/?p=83273","title":{"rendered":"Prefeitura realiza primeira etapa do Torneio Curraleiro de 2022"},"content":{"rendered":"<div id=\":2ng\" class=\"ii gt\">\n<div id=\":2nf\" class=\"a3s aiL \">\n<div dir=\"ltr\">\n<div dir=\"ltr\">\n<div><a href=\"http:\/\/folhadosudeste.com\/site\/wp-content\/uploads\/2022\/07\/torneio01.jpeg\"><img loading=\"lazy\" decoding=\"async\" class=\"alignnone size-full wp-image-83274\" src=\"http:\/\/folhadosudeste.com\/site\/wp-content\/uploads\/2022\/07\/torneio01.jpeg\" alt=\"\" width=\"1600\" height=\"1200\" srcset=\"https:\/\/folhadosudeste.com\/site\/wp-content\/uploads\/2022\/07\/torneio01.jpeg 1600w, https:\/\/folhadosudeste.com\/site\/wp-content\/uploads\/2022\/07\/torneio01-300x225.jpeg 300w, https:\/\/folhadosudeste.com\/site\/wp-content\/uploads\/2022\/07\/torneio01-768x576.jpeg 768w, https:\/\/folhadosudeste.com\/site\/wp-content\/uploads\/2022\/07\/torneio01-1024x768.jpeg 1024w\" sizes=\"auto, (max-width: 1600px) 100vw, 1600px\" \/><\/a><\/div>\n<div style=\"text-align: justify;\">Come\u00e7ou a quinta edi\u00e7\u00e3o do Torneio Leiteiro Curraleiro de Muria\u00e9, a competi\u00e7\u00e3o que j\u00e1 \u00e9 tradi\u00e7\u00e3o entre os produtores rurais do munic\u00edpio durante os meses de inverno.<\/div>\n<div style=\"text-align: justify;\">&nbsp;<\/div>\n<div style=\"text-align: justify;\">A primeira atividade deste ano aconteceu na \u00faltima quarta e quinta-feira, dias 13 e 14 de julho, na propriedade do jovem produtor V\u00edtor da Silveira, na comunidade de Bom Jardim do Pont\u00e3o. Esta \u00e9 a primeira vez que ele participa.<\/div>\n<div style=\"text-align: justify;\">&nbsp;<\/div>\n<div style=\"text-align: justify;\">&#8220;O torneio \u00e9 o fomento da produ\u00e7\u00e3o. \u00c9 a oportunidade dos produtores mostrarem seu trabalho, o desempenho gen\u00e9tico dos animais, para vermos cada vez mais a pecu\u00e1ria leiteira da nossa regi\u00e3o se desenvolver&#8221;, explica o secret\u00e1rio municipal de Agricultura, Fernando Levati.<\/div>\n<div style=\"text-align: justify;\">&nbsp;<\/div>\n<div style=\"text-align: justify;\">Em 2022, a competi\u00e7\u00e3o ter\u00e1 um total de 13 participantes. Cada produtor se inscreve com uma vaca, que passa por tr\u00eas ordenhas em um per\u00edodo de 24 horas. As retiradas de leite s\u00e3o feitas pontualmente \u00e0s 19h, 7h e novamente \u00e0s 19h.<\/div>\n<div style=\"text-align: justify;\">&nbsp;<\/div>\n<div style=\"text-align: justify;\">A pesagem de cada produ\u00e7\u00e3o \u00e9 feita na hora, sob acompanhamento de testemunhas e com registro de v\u00eddeo e fotos. Das tr\u00eas ordenhas, a mais pesada \u00e9 descartada e n\u00e3o entra no somat\u00f3rio da pontua\u00e7\u00e3o.<\/div>\n<\/div>\n<\/div>\n<\/div>\n<\/div>\n<p><!--more--><\/p>\n<div id=\":2oq\" class=\"hq gt\" style=\"text-align: justify;\">\n<div dir=\"ltr\">\n<div dir=\"ltr\">\n<div style=\"text-align: justify;\">Nesta primeira etapa, o produtor V\u00edtor encerrou sua participa\u00e7\u00e3o com 32,985 pontos. A vaca Patr\u00edcia, inscrita por ele, produziu 16,440kg de leite na primeira ordenha e 16,545kg na terceira. A segunda pesagem, de 17,145kg, foi desconsiderada.<\/div>\n<div style=\"text-align: justify;\">&nbsp;<\/div>\n<div style=\"text-align: justify;\">Na pr\u00f3xima semana, os trabalhos acontecem tamb\u00e9m na quarta e quinta-feira na Fazenda da Pedra, propriedade do produtor Duti Goulart.<\/div>\n<div style=\"text-align: justify;\">&nbsp;<\/div>\n<div style=\"text-align: justify;\">O Torneio Leiteiro Curraleiro \u00e9 realizado pela Prefeitura de Muria\u00e9, atrav\u00e9s da Secretaria Municipal de Agricultura, e conta com apoio t\u00e9cnico da Emater-MG e patroc\u00ednio do Sicoob Credisudeste. A premia\u00e7\u00e3o se divide em duas categorias: uma exclusiva para produtores da agricultura familiar e outra destinada aos convidados. Cada participante pode concorrer com uma vaca e uma novilha.<\/div>\n<div><a href=\"http:\/\/folhadosudeste.com\/site\/wp-content\/uploads\/2022\/07\/torneio02.jpeg\"><img loading=\"lazy\" decoding=\"async\" class=\"alignnone size-full wp-image-83275\" src=\"http:\/\/folhadosudeste.com\/site\/wp-content\/uploads\/2022\/07\/torneio02.jpeg\" alt=\"\" width=\"1302\" height=\"977\" srcset=\"https:\/\/folhadosudeste.com\/site\/wp-content\/uploads\/2022\/07\/torneio02.jpeg 1302w, https:\/\/folhadosudeste.com\/site\/wp-content\/uploads\/2022\/07\/torneio02-300x225.jpeg 300w, https:\/\/folhadosudeste.com\/site\/wp-content\/uploads\/2022\/07\/torneio02-768x576.jpeg 768w, https:\/\/folhadosudeste.com\/site\/wp-content\/uploads\/2022\/07\/torneio02-1024x768.jpeg 1024w\" sizes=\"auto, (max-width: 1302px) 100vw, 1302px\" \/><\/a><\/div>\n<\/div>\n<\/div>\n<\/div>\n","protected":false},"excerpt":{"rendered":"<p>Come\u00e7ou a quinta edi\u00e7\u00e3o do Torneio Leiteiro Curraleiro de Muria\u00e9, a competi\u00e7\u00e3o que j\u00e1 \u00e9 tradi\u00e7\u00e3o entre os produtores rurais do munic\u00edpio durante os meses de inverno. &nbsp; A primeira atividade deste ano aconteceu na \u00faltima quarta e quinta-feira, dias 13 e 14 de julho, na propriedade do jovem produtor V\u00edtor da Silveira, na comunidade [&hellip;]<\/p>\n","protected":false},"author":6,"featured_media":0,"comment_status":"open","ping_status":"closed","sticky":false,"template":"","format":"standard","meta":{"_joinchat":[],"footnotes":""},"categories":[1],"tags":[],"class_list":["post-83273","post","type-post","status-publish","format-standard","hentry","category-sem-categoria"],"_links":{"self":[{"href":"https:\/\/folhadosudeste.com\/site\/index.php?rest_route=\/wp\/v2\/posts\/83273","targetHints":{"allow":["GET"]}}],"collection":[{"href":"https:\/\/folhadosudeste.com\/site\/index.php?rest_route=\/wp\/v2\/posts"}],"about":[{"href":"https:\/\/folhadosudeste.com\/site\/index.php?rest_route=\/wp\/v2\/types\/post"}],"author":[{"embeddable":true,"href":"https:\/\/folhadosudeste.com\/site\/index.php?rest_route=\/wp\/v2\/users\/6"}],"replies":[{"embeddable":true,"href":"https:\/\/folhadosudeste.com\/site\/index.php?rest_route=%2Fwp%2Fv2%2Fcomments&post=83273"}],"version-history":[{"count":1,"href":"https:\/\/folhadosudeste.com\/site\/index.php?rest_route=\/wp\/v2\/posts\/83273\/revisions"}],"predecessor-version":[{"id":83276,"href":"https:\/\/folhadosudeste.com\/site\/index.php?rest_route=\/wp\/v2\/posts\/83273\/revisions\/83276"}],"wp:attachment":[{"href":"https:\/\/folhadosudeste.com\/site\/index.php?rest_route=%2Fwp%2Fv2%2Fmedia&parent=83273"}],"wp:term":[{"taxonomy":"category","embeddable":true,"href":"https:\/\/folhadosudeste.com\/site\/index.php?rest_route=%2Fwp%2Fv2%2Fcategories&post=83273"},{"taxonomy":"post_tag","embeddable":true,"href":"https:\/\/folhadosudeste.com\/site\/index.php?rest_route=%2Fwp%2Fv2%2Ftags&post=83273"}],"curies":[{"name":"wp","href":"https:\/\/api.w.org\/{rel}","templated":true}]}}