{"id":83346,"date":"2022-07-18T14:59:18","date_gmt":"2022-07-18T14:59:18","guid":{"rendered":"http:\/\/folhadosudeste.com\/site\/?p=83346"},"modified":"2022-07-18T14:59:18","modified_gmt":"2022-07-18T14:59:18","slug":"programa-parceria-pela-valorizacao-da-educacao-da-continuidade-nas-acoes-em-muriae-e-sao-sebastiao-da-vargem-alegre","status":"publish","type":"post","link":"https:\/\/folhadosudeste.com\/site\/?p=83346","title":{"rendered":"Programa Parceria pela Valoriza\u00e7\u00e3o da Educa\u00e7\u00e3o d\u00e1 continuidade nas a\u00e7\u00f5es em Muria\u00e9 e  S\u00e3o Sebasti\u00e3o da Vargem Alegre"},"content":{"rendered":"<p style=\"text-align: justify;\"><em>Iniciativa atua no fortalecimento da gest\u00e3o educacional na Zona da Mata Mineira, com foco no acompanhamento da aprendizagem dos estudantes<\/em><\/p>\n<p style=\"text-align: justify;\">&nbsp;<\/p>\n<p style=\"text-align: justify;\">O Programa Parceria pela Valoriza\u00e7\u00e3o da Educa\u00e7\u00e3o (PVE) deu sequ\u00eancia a mais um ano de atividades na Zona da Mata Mineira. Em Muria\u00e9 e&nbsp; S\u00e3o Sebasti\u00e3o da Vargem Alegre, a iniciativa reuniu professores, gestores, coordenadores e supervisores educacionais da regi\u00e3o para as reuni\u00f5es do primeiro ciclo, visando fortalecer a gest\u00e3o municipal e escolar da educa\u00e7\u00e3o, bem como promover a\u00e7\u00f5es de mobiliza\u00e7\u00e3o social com as comunidades. O programa \u00e9 uma parceria entre a Companhia Brasileira de Alum\u00ednio (CBA), o Instituto Votorantim e as Secretarias Municipais de Educa\u00e7\u00e3o (SMEs).<\/p>\n<p style=\"text-align: justify;\">&nbsp;<\/p>\n<p style=\"text-align: justify;\">Os primeiros encontros formativos do PVE em cada cidade foram realizados nas SMEs, com a participa\u00e7\u00e3o de diretores e educadores das escolas municipais locais, al\u00e9m das consultorias da Oficina Municipal e Centro de Estudos e Pesquisas em Educa\u00e7\u00e3o, Cultura e A\u00e7\u00e3o Comunit\u00e1ria (Cenpec). Neste ciclo, foram definidos grupos de mobilizadores para apoio nas a\u00e7\u00f5es locais, com foco no aprimoramento da oferta e da demanda de educa\u00e7\u00e3o de alto padr\u00e3o na regi\u00e3o, bem como na qualifica\u00e7\u00e3o dos gestores e lideran\u00e7as p\u00fablicas locais. Os encontros levantaram as prioridades para os munic\u00edpios em 2022, como o desenvolvimento de compet\u00eancias de gest\u00e3o para qualifica\u00e7\u00e3o do trabalho escolar e o acompanhamento do aprendizado dos estudantes.<\/p>\n<p style=\"text-align: justify;\">&nbsp;<\/p>\n<p style=\"text-align: justify;\">O PVE vai acompanhar os grupos ao longo de quatro ciclos em 2022, com encontros virtuais e presenciais entre cada um deles. A expectativa \u00e9 executar o plano de a\u00e7\u00f5es, registrar as atividades propostas, divulgar os resultados e compartilhar com os outros munic\u00edpios participantes, para que um possa auxiliar o outro. Uma das principais frentes de atua\u00e7\u00e3o ser\u00e1 nas dificuldades de aprendizagem registradas durante o per\u00edodo remoto, buscando encerrar o ano letivo com \u00edndices positivos de desenvolvimento escolar.<\/p>\n<p style=\"text-align: justify;\"><!--more--><\/p>\n<p style=\"text-align: justify;\">Para o secret\u00e1rio Municipal de Educa\u00e7\u00e3o de S\u00e3o Sebasti\u00e3o da Vargem Alegre, Jo\u00e3o Breno, o primeiro ciclo trouxe \u201creuni\u00f5es proveitosas e grandes expectativas\u201d para a atua\u00e7\u00e3o do PVE na cidade em 2022. \u201cEstou muito feliz de estar participando de mais um ciclo do programa. Nossas expectativas s\u00e3o as melhores. As reuni\u00f5es foram de grande valia, com a participa\u00e7\u00e3o e a aprova\u00e7\u00e3o dos nossos servidores. Acredito que esse seja um movimento de inova\u00e7\u00e3o para o munic\u00edpio, trazendo um plano de valoriza\u00e7\u00e3o da educa\u00e7\u00e3o que vai promover bons projetos e o desenvolvimento para o nosso ensino p\u00fablico local. Por isso, agradecemos \u00e0 CBA pelo apoio constante \u00e0 nossa rede municipal\u201d, destaca.<\/p>\n<p style=\"text-align: justify;\">&nbsp;<\/p>\n<p style=\"text-align: justify;\">O gerente das Unidades de minera\u00e7\u00e3o da CBA na Zona da Mata, Christian Fonseca Andrade, refor\u00e7a o estreitamento da parceria entre o PVE e o ensino p\u00fablico da regi\u00e3o ao longo dos anos. \u201cEsse \u00e9 um importante trabalho de continuidade, que j\u00e1 \u00e9 desenvolvido h\u00e1 v\u00e1rios anos na regi\u00e3o. O PVE ocorre em Muria\u00e9 e em S\u00e3o Sebasti\u00e3o da Vargem Alegre desde 2018. J\u00e1 tivemos tamb\u00e9m o PVE em Mira\u00ed, entre 2009 e 2012. O programa \u00e9 um grande instrumento para que possamos aprimorar cada vez mais a qualidade da gest\u00e3o educacional e, consequentemente, da aprendizagem dos estudantes. Mais uma vez, reafirmamos nosso compromisso com iniciativas que beneficiem e qualifiquem os servi\u00e7os p\u00fablicos nas \u00e1reas onde atuamos, de forma a contribuir com a gest\u00e3o escolar, os alunos e as comunidades locais\u201d, afirma.<\/p>\n<p style=\"text-align: justify;\">&nbsp;<\/p>\n<p style=\"text-align: justify;\"><strong>Sobre o PVE<\/strong><\/p>\n<p style=\"text-align: justify;\">Realizado pelo Instituto Votorantim e pela CBA, em parceria com as prefeituras, o PVE tem como objetivo contribuir para a melhoria da educa\u00e7\u00e3o p\u00fablica atrav\u00e9s de capacita\u00e7\u00f5es e mobiliza\u00e7\u00f5es das comunidades em prol de uma educa\u00e7\u00e3o de qualidade.<\/p>\n<p style=\"text-align: justify;\">&nbsp;<\/p>\n<p style=\"text-align: justify;\">Completando 14 anos em 2022, o PVE mobiliza agentes pedag\u00f3gicos e comunidades em diversas localidades do Brasil, tendo atingido mais de 100 cidades apenas na edi\u00e7\u00e3o de 2018. Ao longo de sua hist\u00f3ria, j\u00e1 capacitou milhares de educadores.<\/p>\n<p style=\"text-align: justify;\"><strong>&nbsp;<\/strong><\/p>\n<p style=\"text-align: justify;\"><strong>Sobre a CBA<\/strong><\/p>\n<p style=\"text-align: justify;\">Desde 1955, a CBA &#8211; Companhia Brasileira de Alum\u00ednio &#8211; atua de forma integrada, da minera\u00e7\u00e3o ao produto final. Com capacidade de gerar 100% da energia consumida atrav\u00e9s de fontes renov\u00e1veis, a CBA fornece solu\u00e7\u00f5es sustent\u00e1veis para os mercados de embalagens, transportes, automotivo, constru\u00e7\u00e3o civil e bens de consumo, al\u00e9m de ser l\u00edder em reciclagem de sucata industrial de alum\u00ednio. Com a abertura de capital em 2021 (CBAV3), foi a primeira Companhia no segmento a ter a\u00e7\u00f5es negociadas na B3. Com receita l\u00edquida de R$ 8,4 bilh\u00f5es em 2021 e R$ 1,5 bilh\u00e3o de EBTDA ajustado no per\u00edodo, a CBA tem o compromisso de garantir a oferta de alum\u00ednio de baixo carbono em parceira com os&nbsp;stakeholders, desenvolvendo as comunidades em que est\u00e1 inserida e promovendo a conserva\u00e7\u00e3o da biodiversidade. Quer saber mais? Acesse&nbsp;<a href=\"http:\/\/www.cba.com.br\/\" data-saferedirecturl=\"https:\/\/www.google.com\/url?q=http:\/\/www.cba.com.br&amp;source=gmail&amp;ust=1658242515793000&amp;usg=AOvVaw3f5vd5KZYAdPBOkGhFyRkC\">www.cba.com.br<\/a><\/p>\n<p style=\"text-align: justify;\">&nbsp;<\/p>\n","protected":false},"excerpt":{"rendered":"<p>Iniciativa atua no fortalecimento da gest\u00e3o educacional na Zona da Mata Mineira, com foco no acompanhamento da aprendizagem dos estudantes &nbsp; O Programa Parceria pela Valoriza\u00e7\u00e3o da Educa\u00e7\u00e3o (PVE) deu sequ\u00eancia a mais um ano de atividades na Zona da Mata Mineira. Em Muria\u00e9 e&nbsp; S\u00e3o Sebasti\u00e3o da Vargem Alegre, a iniciativa reuniu professores, gestores, [&hellip;]<\/p>\n","protected":false},"author":6,"featured_media":0,"comment_status":"open","ping_status":"closed","sticky":false,"template":"","format":"standard","meta":{"_joinchat":[],"footnotes":""},"categories":[1],"tags":[],"class_list":["post-83346","post","type-post","status-publish","format-standard","hentry","category-sem-categoria"],"_links":{"self":[{"href":"https:\/\/folhadosudeste.com\/site\/index.php?rest_route=\/wp\/v2\/posts\/83346","targetHints":{"allow":["GET"]}}],"collection":[{"href":"https:\/\/folhadosudeste.com\/site\/index.php?rest_route=\/wp\/v2\/posts"}],"about":[{"href":"https:\/\/folhadosudeste.com\/site\/index.php?rest_route=\/wp\/v2\/types\/post"}],"author":[{"embeddable":true,"href":"https:\/\/folhadosudeste.com\/site\/index.php?rest_route=\/wp\/v2\/users\/6"}],"replies":[{"embeddable":true,"href":"https:\/\/folhadosudeste.com\/site\/index.php?rest_route=%2Fwp%2Fv2%2Fcomments&post=83346"}],"version-history":[{"count":1,"href":"https:\/\/folhadosudeste.com\/site\/index.php?rest_route=\/wp\/v2\/posts\/83346\/revisions"}],"predecessor-version":[{"id":83347,"href":"https:\/\/folhadosudeste.com\/site\/index.php?rest_route=\/wp\/v2\/posts\/83346\/revisions\/83347"}],"wp:attachment":[{"href":"https:\/\/folhadosudeste.com\/site\/index.php?rest_route=%2Fwp%2Fv2%2Fmedia&parent=83346"}],"wp:term":[{"taxonomy":"category","embeddable":true,"href":"https:\/\/folhadosudeste.com\/site\/index.php?rest_route=%2Fwp%2Fv2%2Fcategories&post=83346"},{"taxonomy":"post_tag","embeddable":true,"href":"https:\/\/folhadosudeste.com\/site\/index.php?rest_route=%2Fwp%2Fv2%2Ftags&post=83346"}],"curies":[{"name":"wp","href":"https:\/\/api.w.org\/{rel}","templated":true}]}}