{"id":83366,"date":"2022-07-19T15:24:14","date_gmt":"2022-07-19T15:24:14","guid":{"rendered":"http:\/\/folhadosudeste.com\/site\/?p=83366"},"modified":"2022-07-19T15:25:40","modified_gmt":"2022-07-19T15:25:40","slug":"prefeito-de-rosario-da-limeira-tem-cassacoes-afastadas-pelo-tre","status":"publish","type":"post","link":"https:\/\/folhadosudeste.com\/site\/?p=83366","title":{"rendered":"Prefeito de Ros\u00e1rio da Limeira t\u00eam cassa\u00e7\u00f5es afastadas pelo TRE"},"content":{"rendered":"<p><a href=\"http:\/\/folhadosudeste.com\/site\/wp-content\/uploads\/2022\/07\/WhatsApp-Image-2022-07-19-at-12.20.02.jpeg\"><img loading=\"lazy\" decoding=\"async\" class=\" wp-image-83367 aligncenter\" src=\"http:\/\/folhadosudeste.com\/site\/wp-content\/uploads\/2022\/07\/WhatsApp-Image-2022-07-19-at-12.20.02.jpeg\" alt=\"\" width=\"325\" height=\"427\"><\/a><\/p>\n<p style=\"text-align: justify;\">A Corte Eleitoral do TRE-MG, na sess\u00e3o dessa segunda-feira (4), afastou as cassa\u00e7\u00f5es dos prefeitos de duas cidades mineiras: Valmir Moraes de S\u00e1 (PTB), de Patis (Norte de Minas), e Jos\u00e9 Maria Pinto da Silva (PSB), de Ros\u00e1rio da Limeira (Zona da Mata). Os pol\u00edticos haviam sido condenados em primeira inst\u00e2ncia por irregularidades nas respectivas campanhas para as elei\u00e7\u00f5es ocorridas em 2020.&nbsp;<\/p>\n<p style=\"text-align: justify;\">Com as decis\u00f5es, os prefeitos e os vices permanecem nos cargos. Cabe recurso para o TSE.&nbsp;<\/p>\n<p style=\"text-align: justify;\">A a\u00e7\u00e3o de investiga\u00e7\u00e3o judicial eleitoral (AIJE) foi proposta pelo Partido Progressistas, ao fundamento, em s\u00edntese, de que Jos\u00e9 Maria Pinto da Silva e Nilton Jos\u00e9 de Carvalho (vice-prefeito) fizeram a inaugura\u00e7\u00e3o e divulga\u00e7\u00e3o de obras inacabadas; realizaram obras em propriedades particulares; aumentaram excessivamente os gastos na \u00e1rea da sa\u00fade, com pagamento de consultas e tratamentos fora do munic\u00edpio, bem como na aquisi\u00e7\u00e3o e distribui\u00e7\u00e3o de cestas b\u00e1sicas; e prometeram empregos em troca de votos, tudo pr\u00f3ximo \u00e0s elei\u00e7\u00f5es. Segundo o investigante, estaria caracterizado o abuso de poder pol\u00edtico e econ\u00f4mico.&nbsp;<\/p>\n<p><!--more--><\/p>\n<p style=\"text-align: justify;\">O juiz eleitoral local cassou os diplomas dos eleitos e decretou a inelegibilidade de ambos por oito anos.&nbsp;<\/p>\n<p style=\"text-align: justify;\">Na decis\u00e3o do TRE, o relator, juiz Marcelo Paulo Salgado, afirmou que, ap\u00f3s analisar os quatro fatos que teriam desequilibrado o pleito e as provas constantes do processo \u2013 v\u00eddeos, depoimentos e documentos -, \u201cn\u00e3o houve motivo bastante nem prova insofism\u00e1vel de que essas condutas teriam levado \u00e0 ocorr\u00eancia, de fato, de abuso de poder\u201d. Dessa forma, decidiu pela reforma da senten\u00e7a, afastando as san\u00e7\u00f5es aplicadas. O julgamento foi por unanimidade.&nbsp;<\/p>\n<p style=\"text-align: justify;\">Processo relacionado: 0600058-87.2021.6.13.0252.&nbsp;<\/p>\n<p><a href=\"http:\/\/folhadosudeste.com\/site\/wp-content\/uploads\/2022\/07\/WhatsApp-Image-2022-07-19-at-12.20.03.jpeg\"><img loading=\"lazy\" decoding=\"async\" class=\"size-full wp-image-83368 aligncenter\" src=\"http:\/\/folhadosudeste.com\/site\/wp-content\/uploads\/2022\/07\/WhatsApp-Image-2022-07-19-at-12.20.03.jpeg\" alt=\"\" width=\"717\" height=\"480\" srcset=\"https:\/\/folhadosudeste.com\/site\/wp-content\/uploads\/2022\/07\/WhatsApp-Image-2022-07-19-at-12.20.03.jpeg 717w, https:\/\/folhadosudeste.com\/site\/wp-content\/uploads\/2022\/07\/WhatsApp-Image-2022-07-19-at-12.20.03-300x201.jpeg 300w, https:\/\/folhadosudeste.com\/site\/wp-content\/uploads\/2022\/07\/WhatsApp-Image-2022-07-19-at-12.20.03-120x80.jpeg 120w, https:\/\/folhadosudeste.com\/site\/wp-content\/uploads\/2022\/07\/WhatsApp-Image-2022-07-19-at-12.20.03-345x230.jpeg 345w\" sizes=\"auto, (max-width: 717px) 100vw, 717px\" \/><\/a><\/p>\n<p><a href=\"http:\/\/folhadosudeste.com\/site\/wp-content\/uploads\/2022\/07\/WhatsApp-Image-2022-07-19-at-12.20.03-1.jpeg\"><img loading=\"lazy\" decoding=\"async\" class=\"size-full wp-image-83369 aligncenter\" src=\"http:\/\/folhadosudeste.com\/site\/wp-content\/uploads\/2022\/07\/WhatsApp-Image-2022-07-19-at-12.20.03-1.jpeg\" alt=\"\" width=\"492\" height=\"382\" srcset=\"https:\/\/folhadosudeste.com\/site\/wp-content\/uploads\/2022\/07\/WhatsApp-Image-2022-07-19-at-12.20.03-1.jpeg 492w, https:\/\/folhadosudeste.com\/site\/wp-content\/uploads\/2022\/07\/WhatsApp-Image-2022-07-19-at-12.20.03-1-300x233.jpeg 300w\" sizes=\"auto, (max-width: 492px) 100vw, 492px\" \/><\/a><a href=\"http:\/\/folhadosudeste.com\/site\/wp-content\/uploads\/2022\/07\/WhatsApp-Image-2022-07-19-at-12.20.04.jpeg\"><img loading=\"lazy\" decoding=\"async\" class=\" wp-image-83370 aligncenter\" src=\"http:\/\/folhadosudeste.com\/site\/wp-content\/uploads\/2022\/07\/WhatsApp-Image-2022-07-19-at-12.20.04.jpeg\" alt=\"\" width=\"460\" height=\"694\" srcset=\"https:\/\/folhadosudeste.com\/site\/wp-content\/uploads\/2022\/07\/WhatsApp-Image-2022-07-19-at-12.20.04.jpeg 318w, https:\/\/folhadosudeste.com\/site\/wp-content\/uploads\/2022\/07\/WhatsApp-Image-2022-07-19-at-12.20.04-199x300.jpeg 199w\" sizes=\"auto, (max-width: 460px) 100vw, 460px\" \/><\/a><\/p>\n<p>Fonte: O Di\u00e1rio Regional<\/p>\n","protected":false},"excerpt":{"rendered":"<p>A Corte Eleitoral do TRE-MG, na sess\u00e3o dessa segunda-feira (4), afastou as cassa\u00e7\u00f5es dos prefeitos de duas cidades mineiras: Valmir Moraes de S\u00e1 (PTB), de Patis (Norte de Minas), e Jos\u00e9 Maria Pinto da Silva (PSB), de Ros\u00e1rio da Limeira (Zona da Mata). Os pol\u00edticos haviam sido condenados em primeira inst\u00e2ncia por irregularidades nas respectivas [&hellip;]<\/p>\n","protected":false},"author":6,"featured_media":0,"comment_status":"open","ping_status":"closed","sticky":false,"template":"","format":"standard","meta":{"_joinchat":[],"footnotes":""},"categories":[1],"tags":[],"class_list":["post-83366","post","type-post","status-publish","format-standard","hentry","category-sem-categoria"],"_links":{"self":[{"href":"https:\/\/folhadosudeste.com\/site\/index.php?rest_route=\/wp\/v2\/posts\/83366","targetHints":{"allow":["GET"]}}],"collection":[{"href":"https:\/\/folhadosudeste.com\/site\/index.php?rest_route=\/wp\/v2\/posts"}],"about":[{"href":"https:\/\/folhadosudeste.com\/site\/index.php?rest_route=\/wp\/v2\/types\/post"}],"author":[{"embeddable":true,"href":"https:\/\/folhadosudeste.com\/site\/index.php?rest_route=\/wp\/v2\/users\/6"}],"replies":[{"embeddable":true,"href":"https:\/\/folhadosudeste.com\/site\/index.php?rest_route=%2Fwp%2Fv2%2Fcomments&post=83366"}],"version-history":[{"count":3,"href":"https:\/\/folhadosudeste.com\/site\/index.php?rest_route=\/wp\/v2\/posts\/83366\/revisions"}],"predecessor-version":[{"id":83373,"href":"https:\/\/folhadosudeste.com\/site\/index.php?rest_route=\/wp\/v2\/posts\/83366\/revisions\/83373"}],"wp:attachment":[{"href":"https:\/\/folhadosudeste.com\/site\/index.php?rest_route=%2Fwp%2Fv2%2Fmedia&parent=83366"}],"wp:term":[{"taxonomy":"category","embeddable":true,"href":"https:\/\/folhadosudeste.com\/site\/index.php?rest_route=%2Fwp%2Fv2%2Fcategories&post=83366"},{"taxonomy":"post_tag","embeddable":true,"href":"https:\/\/folhadosudeste.com\/site\/index.php?rest_route=%2Fwp%2Fv2%2Ftags&post=83366"}],"curies":[{"name":"wp","href":"https:\/\/api.w.org\/{rel}","templated":true}]}}