{"id":83378,"date":"2022-07-19T17:33:19","date_gmt":"2022-07-19T17:33:19","guid":{"rendered":"http:\/\/folhadosudeste.com\/site\/?p=83378"},"modified":"2022-07-19T17:33:19","modified_gmt":"2022-07-19T17:33:19","slug":"fundacao-cristiano-varella-abre-inscricoes-para-3a-edicao-do-congresso-de-saude-publica","status":"publish","type":"post","link":"https:\/\/folhadosudeste.com\/site\/?p=83378","title":{"rendered":"Funda\u00e7\u00e3o Cristiano Varella abre inscri\u00e7\u00f5es para 3\u00aa edi\u00e7\u00e3o do Congresso de Sa\u00fade P\u00fablica"},"content":{"rendered":"<p><a href=\"http:\/\/folhadosudeste.com\/site\/wp-content\/uploads\/2022\/07\/WhatsApp-Image-2022-07-19-at-14.32.42.jpeg\"><img loading=\"lazy\" decoding=\"async\" class=\"alignnone size-full wp-image-83379\" src=\"http:\/\/folhadosudeste.com\/site\/wp-content\/uploads\/2022\/07\/WhatsApp-Image-2022-07-19-at-14.32.42.jpeg\" alt=\"\" width=\"740\" height=\"1024\" srcset=\"https:\/\/folhadosudeste.com\/site\/wp-content\/uploads\/2022\/07\/WhatsApp-Image-2022-07-19-at-14.32.42.jpeg 740w, https:\/\/folhadosudeste.com\/site\/wp-content\/uploads\/2022\/07\/WhatsApp-Image-2022-07-19-at-14.32.42-217x300.jpeg 217w\" sizes=\"auto, (max-width: 740px) 100vw, 740px\" \/><\/a><\/p>\n<p style=\"text-align: justify;\"><em>Evento \u00e9 gratuito e vai discutir os desafios em sa\u00fade coletiva e suas respectivas solu\u00e7\u00f5es&nbsp;<\/em><\/p>\n<p style=\"text-align: justify;\">Com o objetivo de discutir os desafios em sa\u00fade coletiva e suas respectivas solu\u00e7\u00f5es, a Funda\u00e7\u00e3o Cristiano Varella (FCV) realiza, entre os dias 26 e 28 de julho, a 3\u00aa edi\u00e7\u00e3o do Congresso de Sa\u00fade P\u00fablica. As inscri\u00e7\u00f5es j\u00e1 est\u00e3o abertas, no site&nbsp;<a href=\"http:\/\/cec.fcv.org.br\/\" data-saferedirecturl=\"https:\/\/www.google.com\/url?q=http:\/\/cec.fcv.org.br&amp;source=gmail&amp;ust=1658338050933000&amp;usg=AOvVaw1bnjirsAye9Ai-cr2sngFw\">cec.fcv.org.br<\/a>, e podem ser feitas at\u00e9 o dia 24 de julho. O evento \u00e9 gratuito, on-line e vai garantir certifica\u00e7\u00e3o para todos os participantes.&nbsp;<\/p>\n<p style=\"text-align: justify;\">Entre as presen\u00e7as confirmadas nesta edi\u00e7\u00e3o est\u00e1 Jaqueline Goes de Jesus, biom\u00e9dica e doutora em patologia humana, que vai conduzir a palestra de abertura, no dia 26, com o tema \u201cContribui\u00e7\u00f5es da vigil\u00e2ncia gen\u00f4mica de v\u00edrus emergentes para a Sa\u00fade P\u00fablica\u201d.&nbsp;&nbsp;<\/p>\n<p style=\"text-align: justify;\">Uma das 20 mulheres mais bem sucedidas no Brasil em 2021, pela Revista Forbes, Dra. Jaqueline coordenou a equipe respons\u00e1vel pelo sequenciamento do genoma do v\u00edrus SARS-CoV-2, realizado em tempo recorde \u2013 apenas 48 horas ap\u00f3s a confirma\u00e7\u00e3o do primeiro caso de Covid-19 no pa\u00eds. Al\u00e9m disso, foi homenageada pela empresa Mattel, que produziu uma linha de bonecas Barbie dedicada a mulheres que estiveram na linha da frente do combate \u00e0 pandemia.&nbsp;<\/p>\n<p style=\"text-align: justify;\">Ainda no primeiro dia do evento, o diretor de Oncologia do Hospital da Mulher (Caism \u2013 Unicamp), J\u00falio C\u00e9sar Teixeira, vai palestrar sobre \u201cC\u00e2ncer de colo de \u00fatero e HPV: superando desafios para diagn\u00f3stico precoce\u201d. Dr. J\u00falio C\u00e9sar \u00e9, tamb\u00e9m, professor associado do Departamento de Tocoginecologia da Faculdade de Ci\u00eancias M\u00e9dicas da Unicamp e membro da Comiss\u00e3o Nacional Especializada em Vacinas da Federa\u00e7\u00e3o Brasileira das Associa\u00e7\u00f5es de Ginecologia e Obstetr\u00edcia (Febrasgo).&nbsp;<\/p>\n<p><!--more--><\/p>\n<p style=\"text-align: justify;\">No dia 27, o Congresso ter\u00e1 a participa\u00e7\u00e3o dos professores da FAMINAS Muria\u00e9, Richard Duvanel Rodrigues, m\u00e9dico e mestre em Medicina e Biomedicina, e Nat\u00e1lia Portela Pereira, doutora em Sa\u00fade e especialista em Atividade F\u00edsica em Sa\u00fade e Reabilita\u00e7\u00e3o Card\u00edaca.&nbsp;<\/p>\n<p style=\"text-align: justify;\">No \u00faltimo dia, 28, os congressistas poder\u00e3o assistir \u00e0s palestras da fonoaudi\u00f3loga e epidemiologista Ana Claudia Fiorini, doutora em Sa\u00fade P\u00fablica, e da Carla Simone de Freitas, que \u00e9 m\u00e9dica oncologista da FCV e mestre em Medicina e Biomedicina.&nbsp;<\/p>\n<p style=\"text-align: justify;\">De acordo com o neurocientista S\u00e9rgio Gomes da Silva, coordenador do Departamento de Pesquisa e Desenvolvimento da FCV, a iniciativa \u00e9 voltada para estudantes e profissionais de todos os campos da sa\u00fade, al\u00e9m de interessados em aprofundar seus conhecimentos sobre o tema.&nbsp;&nbsp;<\/p>\n<p style=\"text-align: justify;\">\u201cPor ser um congresso on-line, todos ter\u00e3o a facilidade de acompanhar, em tempo real, as discuss\u00f5es, que ter\u00e3o como enfoque a promo\u00e7\u00e3o da sa\u00fade dos brasileiros, em uma programa\u00e7\u00e3o com profissionais de renome. Al\u00e9m de poder tirar d\u00favidas, criando um ambiente muito rico de debates, garantindo mais e mais solu\u00e7\u00f5es, seja para os ambientes hospitalares, de aten\u00e7\u00e3o prim\u00e1ria, entre outros\u201d, explicou S\u00e9rgio.&nbsp;<\/p>\n<p style=\"text-align: justify;\"><strong>CONFIRA A PROGRAMA\u00c7\u00c3O COMPLETA:&nbsp;<\/strong><\/p>\n<p style=\"text-align: justify;\">26 de julho&nbsp;<\/p>\n<p style=\"text-align: justify;\">19h | Abertura oficial \u2013 Dr. Alexandre Couto Bittencourt e Dr. S\u00e9rgio Gomes da Silva&nbsp;<\/p>\n<p style=\"text-align: justify;\">19h10 | Palestra de abertura \u201cContribui\u00e7\u00f5es da vigil\u00e2ncia gen\u00f4mica de v\u00edrus emergentes para a Sa\u00fade P\u00fablica\u201d \u2013 Dra. Jaqueline Goes de Jesus&nbsp;<\/p>\n<p style=\"text-align: justify;\">20h | Palestra \u201cC\u00e2ncer de colo de \u00fatero e HPV: superando desafios para diagn\u00f3stico precoce\u201d \u2013 Dr. J\u00falio C\u00e9sar Teixeira&nbsp;<\/p>\n<p style=\"text-align: justify;\">27 de julho&nbsp;<\/p>\n<p style=\"text-align: justify;\">19h | Palestra \u201cAten\u00e7\u00e3o b\u00e1sica no SUS e a coordena\u00e7\u00e3o do cuidado em sa\u00fade\u201d \u2013 Dr. Richard Duvanel Rodrigues&nbsp;<\/p>\n<p style=\"text-align: justify;\">20h | Palestra \u201cEfeitos do sedentarismo na sa\u00fade p\u00fablica\u201d \u2013 Dra. Nat\u00e1lia Portela Pereira&nbsp;<\/p>\n<p style=\"text-align: justify;\">28 de julho&nbsp;<\/p>\n<p style=\"text-align: justify;\">19h | Palestra \u201cPolui\u00e7\u00e3o sonora: o que voc\u00ea precisa saber sobre este problema de Sa\u00fade P\u00fablica\u201d \u2013 Dra. Ana Claudia Fiorini&nbsp;<\/p>\n<p style=\"text-align: justify;\">20h | Palestra \u201cC\u00e2ncer de mama: presente e futuro do diagn\u00f3stico e tratamento\u201d \u2013 Dra. Carla Simone Moreira de Freitas&nbsp;<\/p>\n<p style=\"text-align: justify;\"><strong><u>Informa\u00e7\u00f5es<\/u><\/strong>&nbsp;<\/p>\n<p style=\"text-align: justify;\">Evento on-line e gratuito.&nbsp;<\/p>\n<p style=\"text-align: justify;\">Contato para d\u00favidas: (32) 3729-7097&nbsp;<\/p>\n<p style=\"text-align: justify;\">Link de Inscri\u00e7\u00f5es:&nbsp;<u><a href=\"https:\/\/cec.fcv.org.br\/curso-detalhes\/209-iii-congresso-de-saude-publica-da-fundacao-cristiano-varella\" data-saferedirecturl=\"https:\/\/www.google.com\/url?q=https:\/\/cec.fcv.org.br\/curso-detalhes\/209-iii-congresso-de-saude-publica-da-fundacao-cristiano-varella&amp;source=gmail&amp;ust=1658338050933000&amp;usg=AOvVaw2bFdPnL7ALO3bTehjR91w7\">https:\/\/cec.fcv.org.br\/curso-detalhes\/209-iii-congresso-de-saude-publica-da-fundacao-cristiano-varella<\/a><\/u><\/p>\n<p style=\"text-align: justify;\">&nbsp;<\/p>\n","protected":false},"excerpt":{"rendered":"<p>Evento \u00e9 gratuito e vai discutir os desafios em sa\u00fade coletiva e suas respectivas solu\u00e7\u00f5es&nbsp; Com o objetivo de discutir os desafios em sa\u00fade coletiva e suas respectivas solu\u00e7\u00f5es, a Funda\u00e7\u00e3o Cristiano Varella (FCV) realiza, entre os dias 26 e 28 de julho, a 3\u00aa edi\u00e7\u00e3o do Congresso de Sa\u00fade P\u00fablica. As inscri\u00e7\u00f5es j\u00e1 est\u00e3o [&hellip;]<\/p>\n","protected":false},"author":6,"featured_media":0,"comment_status":"open","ping_status":"closed","sticky":false,"template":"","format":"standard","meta":{"_joinchat":[],"footnotes":""},"categories":[1],"tags":[],"class_list":["post-83378","post","type-post","status-publish","format-standard","hentry","category-sem-categoria"],"_links":{"self":[{"href":"https:\/\/folhadosudeste.com\/site\/index.php?rest_route=\/wp\/v2\/posts\/83378","targetHints":{"allow":["GET"]}}],"collection":[{"href":"https:\/\/folhadosudeste.com\/site\/index.php?rest_route=\/wp\/v2\/posts"}],"about":[{"href":"https:\/\/folhadosudeste.com\/site\/index.php?rest_route=\/wp\/v2\/types\/post"}],"author":[{"embeddable":true,"href":"https:\/\/folhadosudeste.com\/site\/index.php?rest_route=\/wp\/v2\/users\/6"}],"replies":[{"embeddable":true,"href":"https:\/\/folhadosudeste.com\/site\/index.php?rest_route=%2Fwp%2Fv2%2Fcomments&post=83378"}],"version-history":[{"count":1,"href":"https:\/\/folhadosudeste.com\/site\/index.php?rest_route=\/wp\/v2\/posts\/83378\/revisions"}],"predecessor-version":[{"id":83380,"href":"https:\/\/folhadosudeste.com\/site\/index.php?rest_route=\/wp\/v2\/posts\/83378\/revisions\/83380"}],"wp:attachment":[{"href":"https:\/\/folhadosudeste.com\/site\/index.php?rest_route=%2Fwp%2Fv2%2Fmedia&parent=83378"}],"wp:term":[{"taxonomy":"category","embeddable":true,"href":"https:\/\/folhadosudeste.com\/site\/index.php?rest_route=%2Fwp%2Fv2%2Fcategories&post=83378"},{"taxonomy":"post_tag","embeddable":true,"href":"https:\/\/folhadosudeste.com\/site\/index.php?rest_route=%2Fwp%2Fv2%2Ftags&post=83378"}],"curies":[{"name":"wp","href":"https:\/\/api.w.org\/{rel}","templated":true}]}}