{"id":83381,"date":"2022-07-20T14:14:23","date_gmt":"2022-07-20T14:14:23","guid":{"rendered":"http:\/\/folhadosudeste.com\/site\/?p=83381"},"modified":"2022-07-20T14:14:23","modified_gmt":"2022-07-20T14:14:23","slug":"criancas-a-partir-de-3-anos-ja-podem-tomar-vacina-contra-covid-em-muriae","status":"publish","type":"post","link":"https:\/\/folhadosudeste.com\/site\/?p=83381","title":{"rendered":"Crian\u00e7as a partir de 3 anos j\u00e1 podem tomar vacina contra covid em Muria\u00e9"},"content":{"rendered":"<div><a href=\"http:\/\/folhadosudeste.com\/site\/wp-content\/uploads\/2022\/07\/WhatsApp-Image-2022-07-20-at-11.10.43-1.jpeg\"><img loading=\"lazy\" decoding=\"async\" class=\"alignnone size-full wp-image-83383\" src=\"http:\/\/folhadosudeste.com\/site\/wp-content\/uploads\/2022\/07\/WhatsApp-Image-2022-07-20-at-11.10.43-1.jpeg\" alt=\"\" width=\"739\" height=\"415\" srcset=\"https:\/\/folhadosudeste.com\/site\/wp-content\/uploads\/2022\/07\/WhatsApp-Image-2022-07-20-at-11.10.43-1.jpeg 739w, https:\/\/folhadosudeste.com\/site\/wp-content\/uploads\/2022\/07\/WhatsApp-Image-2022-07-20-at-11.10.43-1-300x168.jpeg 300w\" sizes=\"auto, (max-width: 739px) 100vw, 739px\" \/><\/a><\/div>\n<div>&nbsp;<\/div>\n<div style=\"text-align: justify;\">A vacina infantil contra covid agora est\u00e1 dispon\u00edvel tamb\u00e9m para crian\u00e7as de tr\u00eas e quatro anos de idade.&nbsp;<\/div>\n<div style=\"text-align: justify;\">&nbsp;<\/div>\n<div style=\"text-align: justify;\">A Prefeitura de Muria\u00e9 iniciou nesta quarta, dia 20 de julho, a vacina\u00e7\u00e3o para esse p\u00fablico. O atendimento acontece na Central de Imuniza\u00e7\u00e3o (anexo ao Centro Administrativo), das 8h \u00e0s 18h.<\/div>\n<div style=\"text-align: justify;\">&nbsp;<\/div>\n<div style=\"text-align: justify;\">\u00c9 necess\u00e1rio apresentar documento comprovando a idade da crian\u00e7a e tamb\u00e9m \u00e9 obrigat\u00f3ria a presen\u00e7a de pai, m\u00e3e ou respons\u00e1vel legal devidamente documentado.<\/div>\n","protected":false},"excerpt":{"rendered":"<p>&nbsp; A vacina infantil contra covid agora est\u00e1 dispon\u00edvel tamb\u00e9m para crian\u00e7as de tr\u00eas e quatro anos de idade.&nbsp; &nbsp; A Prefeitura de Muria\u00e9 iniciou nesta quarta, dia 20 de julho, a vacina\u00e7\u00e3o para esse p\u00fablico. O atendimento acontece na Central de Imuniza\u00e7\u00e3o (anexo ao Centro Administrativo), das 8h \u00e0s 18h. &nbsp; \u00c9 necess\u00e1rio apresentar [&hellip;]<\/p>\n","protected":false},"author":6,"featured_media":0,"comment_status":"open","ping_status":"closed","sticky":false,"template":"","format":"standard","meta":{"_joinchat":[],"footnotes":""},"categories":[1],"tags":[],"class_list":["post-83381","post","type-post","status-publish","format-standard","hentry","category-sem-categoria"],"_links":{"self":[{"href":"https:\/\/folhadosudeste.com\/site\/index.php?rest_route=\/wp\/v2\/posts\/83381","targetHints":{"allow":["GET"]}}],"collection":[{"href":"https:\/\/folhadosudeste.com\/site\/index.php?rest_route=\/wp\/v2\/posts"}],"about":[{"href":"https:\/\/folhadosudeste.com\/site\/index.php?rest_route=\/wp\/v2\/types\/post"}],"author":[{"embeddable":true,"href":"https:\/\/folhadosudeste.com\/site\/index.php?rest_route=\/wp\/v2\/users\/6"}],"replies":[{"embeddable":true,"href":"https:\/\/folhadosudeste.com\/site\/index.php?rest_route=%2Fwp%2Fv2%2Fcomments&post=83381"}],"version-history":[{"count":1,"href":"https:\/\/folhadosudeste.com\/site\/index.php?rest_route=\/wp\/v2\/posts\/83381\/revisions"}],"predecessor-version":[{"id":83384,"href":"https:\/\/folhadosudeste.com\/site\/index.php?rest_route=\/wp\/v2\/posts\/83381\/revisions\/83384"}],"wp:attachment":[{"href":"https:\/\/folhadosudeste.com\/site\/index.php?rest_route=%2Fwp%2Fv2%2Fmedia&parent=83381"}],"wp:term":[{"taxonomy":"category","embeddable":true,"href":"https:\/\/folhadosudeste.com\/site\/index.php?rest_route=%2Fwp%2Fv2%2Fcategories&post=83381"},{"taxonomy":"post_tag","embeddable":true,"href":"https:\/\/folhadosudeste.com\/site\/index.php?rest_route=%2Fwp%2Fv2%2Ftags&post=83381"}],"curies":[{"name":"wp","href":"https:\/\/api.w.org\/{rel}","templated":true}]}}