{"id":83393,"date":"2022-07-21T13:57:23","date_gmt":"2022-07-21T13:57:23","guid":{"rendered":"http:\/\/folhadosudeste.com\/site\/?p=83393"},"modified":"2022-07-21T13:57:23","modified_gmt":"2022-07-21T13:57:23","slug":"motocicleta-e-arrastada-por-100-metros-ao-ser-atingida-por-carro-em-muriae","status":"publish","type":"post","link":"https:\/\/folhadosudeste.com\/site\/?p=83393","title":{"rendered":"Motocicleta \u00e9 arrastada por 100 metros ao ser atingida por carro em Muria\u00e9"},"content":{"rendered":"<h4><a href=\"http:\/\/folhadosudeste.com\/site\/wp-content\/uploads\/2022\/07\/WhatsApp-Image-2022-07-21-at-10.55.54.jpeg\"><img loading=\"lazy\" decoding=\"async\" class=\"alignnone size-full wp-image-83394\" src=\"http:\/\/folhadosudeste.com\/site\/wp-content\/uploads\/2022\/07\/WhatsApp-Image-2022-07-21-at-10.55.54.jpeg\" alt=\"\" width=\"984\" height=\"738\" srcset=\"https:\/\/folhadosudeste.com\/site\/wp-content\/uploads\/2022\/07\/WhatsApp-Image-2022-07-21-at-10.55.54.jpeg 984w, https:\/\/folhadosudeste.com\/site\/wp-content\/uploads\/2022\/07\/WhatsApp-Image-2022-07-21-at-10.55.54-300x225.jpeg 300w, https:\/\/folhadosudeste.com\/site\/wp-content\/uploads\/2022\/07\/WhatsApp-Image-2022-07-21-at-10.55.54-768x576.jpeg 768w\" sizes=\"auto, (max-width: 984px) 100vw, 984px\" \/><\/a><\/h4>\n<h4 class=\"content-head__subtitle\"><em>Acidente ocorreu na manh\u00e3 desta ter\u00e7a-feira (19) no Bairro S\u00e3o Crist\u00f3v\u00e3o. O motociclista sofreu ferimentos leves.<\/em><\/h4>\n<div class=\"mc-column content-text active-extra-styles \" data-block-type=\"unstyled\" data-block-weight=\"39\" data-block-id=\"2\">\n<p class=\"content-text__container \" data-track-category=\"Link no Texto\" data-track-links=\"\">Uma motocicleta foi arrastada por aproximadamente 100 metros ap\u00f3s ser atingida por um carro no final da manh\u00e3 desta ter\u00e7a-feira (19) no Bairro S\u00e3o Crist\u00f3v\u00e3o, em&nbsp;<a href=\"https:\/\/g1.globo.com\/mg\/zona-da-mata\/cidade\/muriae\/\">Muria\u00e9<\/a>. O motociclista, que n\u00e3o teve a identidade revelada, sofre ferimentos leves.<\/p>\n<\/div>\n<div class=\"wall protected-content\">\n<div class=\"mc-column content-text active-extra-styles \" data-block-type=\"unstyled\" data-block-weight=\"41\" data-block-id=\"3\">\n<p class=\"content-text__container \" data-track-category=\"Link no Texto\" data-track-links=\"\">De acordo com o Corpo de Bombeiros, a v\u00edtima chegou a ser arrastada por parte do trecho juntamente com a motocicleta, mas foi projetado lateralmente. Os ve\u00edculos, no entanto, ficaram presos e s\u00f3 pararam quando atingiram um poste de energia el\u00e9trica.<\/p>\n<\/div>\n<div class=\"mc-column content-text active-extra-styles \" data-block-type=\"unstyled\" data-block-weight=\"38\" data-block-id=\"4\">\n<p class=\"content-text__container \" data-track-category=\"Link no Texto\" data-track-links=\"\">O motociclista foi imobilizado pelos bombeiros e encaminhado para atendimento m\u00e9dico no Hospital S\u00e3o Paulo. A corpora\u00e7\u00e3o realizou ainda a preven\u00e7\u00e3o a inc\u00eandio devido ao vazamento de combust\u00edvel da motocicleta ocorrido ao longo do trajeto do acidente.<\/p>\n<\/div>\n<div class=\"content-ads content-ads--reveal\" data-block-type=\"ads\" data-block-id=\"5\">\n<div id=\"banner_materia2\" class=\"tag-manager-publicidade-container mc-has-reveal mc-has-ad-lazyload tag-manager-publicidade-banner_materia2 tag-manager-publicidade-container--carregado tag-manager-publicidade-container--visivel\" data-id=\"banner_materia2\" data-req=\"true\" data-google-query-id=\"CIKmlqmQivkCFXhHuAQdIvIN-Q\" data-cid=\"138397749073\" data-lid=\"5999271356\">\n<div id=\"google_ads_iframe_\/95377733\/tvg_G1\/Sua_Regiao>Sudeste>Minas_Gerais_(Zona_da_Mata)_3__container__&#8221; style=&#8221;box-sizing: inherit; margin: auto; padding: 0px; border: 0pt none; font: inherit; vertical-align: initial; max-width: 100%; text-align: center;&#8221;><!--more--><\/div>\n<div>\n<div class=\"wall protected-content\">\n<div class=\"mc-column content-text active-extra-styles \" data-block-type=\"unstyled\" data-block-weight=\"39\" data-block-id=\"6\">\n<p class=\"content-text__container \" data-track-category=\"Link no Texto\" data-track-links=\"\">No carro estavam o motorista e uma passageira, que n\u00e3o tiveram as identidades reveladas, que dispensaram atendimento m\u00e9dico e n\u00e3o sofreram ferimentos. Como a identidade do motociclista n\u00e3o foi divulgada n\u00e3o foi poss\u00edvel atualizar o estado de sa\u00fade dele.<\/p>\n<\/div>\n<div class=\"mc-column content-text active-extra-styles \" data-block-type=\"unstyled\" data-block-weight=\"46\" data-block-id=\"7\">\n<p class=\"content-text__container \" data-track-category=\"Link no Texto\" data-track-links=\"\">A Pol\u00edcia Militar (PM) foi acionada ao local e registrou a ocorr\u00eancia. Como a motocicleta ficou presa debaixo do carro foi necess\u00e1ria a utiliza\u00e7\u00e3o de um guincho para que fosse feita a remo\u00e7\u00e3o. N\u00e3o foi necess\u00e1rio o fechamento do tr\u00e2nsito na via para realiza\u00e7\u00e3o dos procedimentos.<\/p>\n<p data-track-category=\"Link no Texto\" data-track-links=\"\">Fonte: G1\/Zona da Mata<\/p>\n<p data-track-category=\"Link no Texto\" data-track-links=\"\">Foto: Corpo de Bombeiros\/Divulga\u00e7\u00e3o<\/p>\n<\/div>\n<\/div>\n<\/div>\n<\/div>\n<\/div>\n<\/div>\n","protected":false},"excerpt":{"rendered":"<p>Acidente ocorreu na manh\u00e3 desta ter\u00e7a-feira (19) no Bairro S\u00e3o Crist\u00f3v\u00e3o. O motociclista sofreu ferimentos leves. Uma motocicleta foi arrastada por aproximadamente 100 metros ap\u00f3s ser atingida por um carro no final da manh\u00e3 desta ter\u00e7a-feira (19) no Bairro S\u00e3o Crist\u00f3v\u00e3o, em&nbsp;Muria\u00e9. O motociclista, que n\u00e3o teve a identidade revelada, sofre ferimentos leves. De acordo [&hellip;]<\/p>\n","protected":false},"author":6,"featured_media":0,"comment_status":"open","ping_status":"closed","sticky":false,"template":"","format":"standard","meta":{"_joinchat":[],"footnotes":""},"categories":[1],"tags":[],"class_list":["post-83393","post","type-post","status-publish","format-standard","hentry","category-sem-categoria"],"_links":{"self":[{"href":"https:\/\/folhadosudeste.com\/site\/index.php?rest_route=\/wp\/v2\/posts\/83393","targetHints":{"allow":["GET"]}}],"collection":[{"href":"https:\/\/folhadosudeste.com\/site\/index.php?rest_route=\/wp\/v2\/posts"}],"about":[{"href":"https:\/\/folhadosudeste.com\/site\/index.php?rest_route=\/wp\/v2\/types\/post"}],"author":[{"embeddable":true,"href":"https:\/\/folhadosudeste.com\/site\/index.php?rest_route=\/wp\/v2\/users\/6"}],"replies":[{"embeddable":true,"href":"https:\/\/folhadosudeste.com\/site\/index.php?rest_route=%2Fwp%2Fv2%2Fcomments&post=83393"}],"version-history":[{"count":1,"href":"https:\/\/folhadosudeste.com\/site\/index.php?rest_route=\/wp\/v2\/posts\/83393\/revisions"}],"predecessor-version":[{"id":83395,"href":"https:\/\/folhadosudeste.com\/site\/index.php?rest_route=\/wp\/v2\/posts\/83393\/revisions\/83395"}],"wp:attachment":[{"href":"https:\/\/folhadosudeste.com\/site\/index.php?rest_route=%2Fwp%2Fv2%2Fmedia&parent=83393"}],"wp:term":[{"taxonomy":"category","embeddable":true,"href":"https:\/\/folhadosudeste.com\/site\/index.php?rest_route=%2Fwp%2Fv2%2Fcategories&post=83393"},{"taxonomy":"post_tag","embeddable":true,"href":"https:\/\/folhadosudeste.com\/site\/index.php?rest_route=%2Fwp%2Fv2%2Ftags&post=83393"}],"curies":[{"name":"wp","href":"https:\/\/api.w.org\/{rel}","templated":true}]}}