{"id":83405,"date":"2022-07-23T02:22:04","date_gmt":"2022-07-23T02:22:04","guid":{"rendered":"http:\/\/folhadosudeste.com\/site\/?p=83405"},"modified":"2022-07-23T02:22:04","modified_gmt":"2022-07-23T02:22:04","slug":"ferias-de-julho-cuidados-basicos-para-garantir-uma-viagem-tranquila-com-as-criancas","status":"publish","type":"post","link":"https:\/\/folhadosudeste.com\/site\/?p=83405","title":{"rendered":"F\u00e9rias de Julho: cuidados b\u00e1sicos para garantir uma viagem tranquila com as crian\u00e7as"},"content":{"rendered":"<p><a href=\"http:\/\/folhadosudeste.com\/site\/wp-content\/uploads\/2022\/07\/Cuidados-infantis-Cr\u00e9ditos-iStock.png\"><img loading=\"lazy\" decoding=\"async\" class=\"alignnone size-full wp-image-83406\" src=\"http:\/\/folhadosudeste.com\/site\/wp-content\/uploads\/2022\/07\/Cuidados-infantis-Cr\u00e9ditos-iStock.png\" alt=\"\" width=\"1277\" height=\"855\" srcset=\"https:\/\/folhadosudeste.com\/site\/wp-content\/uploads\/2022\/07\/Cuidados-infantis-Cr\u00e9ditos-iStock.png 1277w, https:\/\/folhadosudeste.com\/site\/wp-content\/uploads\/2022\/07\/Cuidados-infantis-Cr\u00e9ditos-iStock-300x201.png 300w, https:\/\/folhadosudeste.com\/site\/wp-content\/uploads\/2022\/07\/Cuidados-infantis-Cr\u00e9ditos-iStock-768x514.png 768w, https:\/\/folhadosudeste.com\/site\/wp-content\/uploads\/2022\/07\/Cuidados-infantis-Cr\u00e9ditos-iStock-1024x686.png 1024w, https:\/\/folhadosudeste.com\/site\/wp-content\/uploads\/2022\/07\/Cuidados-infantis-Cr\u00e9ditos-iStock-120x80.png 120w, https:\/\/folhadosudeste.com\/site\/wp-content\/uploads\/2022\/07\/Cuidados-infantis-Cr\u00e9ditos-iStock-345x230.png 345w\" sizes=\"auto, (max-width: 1277px) 100vw, 1277px\" \/><\/a><\/p>\n<p style=\"text-align: justify;\"><em>Conhe\u00e7a algumas dicas para a prepara\u00e7\u00e3o de sua viagem com a fam\u00edlia<\/em><\/p>\n<p style=\"text-align: justify;\">As f\u00e9rias s\u00e3o um momento voltado para a divers\u00e3o e o relaxamento da fam\u00edlia, mas que exigem uma s\u00e9rie de preparativos para garantir a tranquilidade e o bem-estar de todos, especialmente quando o assunto \u00e9 viajar. Muitas fam\u00edlias aproveitam o recesso escolar das f\u00e9rias de julho para passear e fazer turismo com as crian\u00e7as e, para isso, precisam de planejamento e cuidados essenciais para garantir uma viagem segura. Por isso, \u00e9 importante conhecer os preparos b\u00e1sicos para viajar com crian\u00e7as de modo geral, al\u00e9m dos cuidados especiais com a sa\u00fade durante o per\u00edodo frio e seco do ano.<\/p>\n<p style=\"text-align: justify;\">Alguns itens s\u00e3o fundamentais para toda mala de viagem para crian\u00e7as, n\u00e3o importa qual seja o destino ou \u00e9poca do ano. Um exemplo s\u00e3o os protetores solares, indispens\u00e1veis para quem passeia ao ar livre, mesmo com as baixas temperaturas do outono-inverno. Outra boa dica \u00e9 levar len\u00e7os umedecidos, bon\u00e9s e chap\u00e9us para proteger o rosto e a cabe\u00e7a dos raios solares, al\u00e9m de roupas com prote\u00e7\u00e3o ultravioleta para as crian\u00e7as. Para as f\u00e9rias de julho, ainda vale o uso de hidratantes faciais, labiais e corporais, uma vez que o tempo frio e seco pode causar danos \u00e0 pele, como ressecamento e at\u00e9 queimaduras.<\/p>\n<p style=\"text-align: justify;\">Segundo a Sociedade Brasileira de Pediatria (SBP), o Fator de Prote\u00e7\u00e3o Solar (FPS) m\u00ednimo de protetores de linha infantil deve ser 30. O uso \u00e9 permitido a partir dos seis meses de idade, respeitando os hor\u00e1rios de banho de sol recomendados para as crian\u00e7as: antes das 10h e ap\u00f3s \u00e0s 16h. O uso de produtos infantis \u00e9 importante pois s\u00e3o desenvolvidos de forma a minimizar os riscos de quadros de alergia e outras rea\u00e7\u00f5es adversas. Esses itens cont\u00eam mais filtros f\u00edsicos \u00e0 base de minerais, que oferecem mais seguran\u00e7a para as crian\u00e7as.<\/p>\n<p style=\"text-align: justify;\"><em>A farmac\u00eautica da Drogarias Pacheco,&nbsp;<\/em>Jana\u00edna Gon\u00e7alves de Oliveira, refor\u00e7a a necessidade de levar consigo produtos voltados para a sa\u00fade e o bem-estar infantil. \u201cFiltros solares e cremes hidratantes de adultos podem causar irrita\u00e7\u00e3o e alergias na pele das crian\u00e7as, que geralmente \u00e9 mais sens\u00edvel aos componentes qu\u00edmicos presentes nesses produtos. Para isso, as drogarias disponibilizam diversos itens infantis dermatologicamente testados, para viajar com as crian\u00e7as com total conforto e tranquilidade\u201d, aponta.<\/p>\n<p style=\"text-align: justify;\"><!--more--><\/p>\n<p style=\"text-align: justify;\"><strong>Cuidados especiais com as crian\u00e7as<\/strong><\/p>\n<p style=\"text-align: justify;\">Com o tempo frio e seco da \u00e9poca do ano, a incid\u00eancia de quadros al\u00e9rgicos, virais e respirat\u00f3rios \u00e9 muito comum, e tamb\u00e9m pode vir a acontecer durante uma viagem de f\u00e9rias. Por isso, \u00e9 recomend\u00e1vel levar consigo um kit de primeiros socorros com itens b\u00e1sicos, como antit\u00e9rmico, analg\u00e9sico, soro fisiol\u00f3gico, itens para higieniza\u00e7\u00e3o de cortes e escoria\u00e7\u00f5es, entre outros produtos farmac\u00eauticos de costume ou necessidade da crian\u00e7a, sob orienta\u00e7\u00e3o de um m\u00e9dico. As lojas da Drogarias Pacheco tamb\u00e9m contam com farmac\u00eauticos preparados para ajudar os pais e respons\u00e1veis em caso de d\u00favidas.<\/p>\n<p style=\"text-align: justify;\">&nbsp;<\/p>\n<p style=\"text-align: justify;\">Para os pequenos, tamb\u00e9m vale a pena incluir na bagagem itens como len\u00e7os umedecidos antiss\u00e9pticos, repelentes infantis e itens de higiene pessoal. Uma boa dica para estar bem preparado \u00e9 come\u00e7ar a fazer as malas com alguns dias de anteced\u00eancia, para ajudar a se organizar e evitar esquecer de algo. Por fim, \u00e9 importante acompanhar a previs\u00e3o do tempo e as mudan\u00e7as de clima e temperatura entre os seus locais de origem e de destino. Afinal, as oscila\u00e7\u00f5es bruscas de temperaturas podem afetar a sa\u00fade humana, especialmente das crian\u00e7as.<\/p>\n<p style=\"text-align: justify;\">&nbsp;<\/p>\n<p style=\"text-align: justify;\"><strong>Sobre o Grupo DPSP<\/strong><\/p>\n<p style=\"text-align: justify;\">Com a miss\u00e3o de proporcionar qualidade no atendimento, cuidados com a sa\u00fade e bem-estar a todos, o Grupo DPSP nasceu em 2011 e conta com as redes Drogarias Pacheco e Drogaria S\u00e3o Paulo. A companhia \u00e9 um dos principais players do varejo farmac\u00eautico com aproximadamente 1.400 lojas em 8 estados do Brasil, al\u00e9m do Distrito Federal. Hoje, o Grupo DPSP atende seus clientes em lojas f\u00edsicas, e-commerce, televendas e aplicativo. As marcas Drogarias Pacheco e Drogaria S\u00e3o Paulo levam em seu DNA uma hist\u00f3ria de confian\u00e7a e credibilidade no mercado nacional da sa\u00fade, preocupando-se constantemente em oferecer excel\u00eancia em seus processos e a garantia da satisfa\u00e7\u00e3o do consumidor.<\/p>\n<p style=\"text-align: justify;\">&nbsp;<\/p>\n","protected":false},"excerpt":{"rendered":"<p>Conhe\u00e7a algumas dicas para a prepara\u00e7\u00e3o de sua viagem com a fam\u00edlia As f\u00e9rias s\u00e3o um momento voltado para a divers\u00e3o e o relaxamento da fam\u00edlia, mas que exigem uma s\u00e9rie de preparativos para garantir a tranquilidade e o bem-estar de todos, especialmente quando o assunto \u00e9 viajar. Muitas fam\u00edlias aproveitam o recesso escolar das [&hellip;]<\/p>\n","protected":false},"author":6,"featured_media":0,"comment_status":"open","ping_status":"closed","sticky":false,"template":"","format":"standard","meta":{"_joinchat":[],"footnotes":""},"categories":[1],"tags":[],"class_list":["post-83405","post","type-post","status-publish","format-standard","hentry","category-sem-categoria"],"_links":{"self":[{"href":"https:\/\/folhadosudeste.com\/site\/index.php?rest_route=\/wp\/v2\/posts\/83405","targetHints":{"allow":["GET"]}}],"collection":[{"href":"https:\/\/folhadosudeste.com\/site\/index.php?rest_route=\/wp\/v2\/posts"}],"about":[{"href":"https:\/\/folhadosudeste.com\/site\/index.php?rest_route=\/wp\/v2\/types\/post"}],"author":[{"embeddable":true,"href":"https:\/\/folhadosudeste.com\/site\/index.php?rest_route=\/wp\/v2\/users\/6"}],"replies":[{"embeddable":true,"href":"https:\/\/folhadosudeste.com\/site\/index.php?rest_route=%2Fwp%2Fv2%2Fcomments&post=83405"}],"version-history":[{"count":1,"href":"https:\/\/folhadosudeste.com\/site\/index.php?rest_route=\/wp\/v2\/posts\/83405\/revisions"}],"predecessor-version":[{"id":83407,"href":"https:\/\/folhadosudeste.com\/site\/index.php?rest_route=\/wp\/v2\/posts\/83405\/revisions\/83407"}],"wp:attachment":[{"href":"https:\/\/folhadosudeste.com\/site\/index.php?rest_route=%2Fwp%2Fv2%2Fmedia&parent=83405"}],"wp:term":[{"taxonomy":"category","embeddable":true,"href":"https:\/\/folhadosudeste.com\/site\/index.php?rest_route=%2Fwp%2Fv2%2Fcategories&post=83405"},{"taxonomy":"post_tag","embeddable":true,"href":"https:\/\/folhadosudeste.com\/site\/index.php?rest_route=%2Fwp%2Fv2%2Ftags&post=83405"}],"curies":[{"name":"wp","href":"https:\/\/api.w.org\/{rel}","templated":true}]}}