{"id":83441,"date":"2022-07-25T14:41:19","date_gmt":"2022-07-25T14:41:19","guid":{"rendered":"http:\/\/folhadosudeste.com\/site\/?p=83441"},"modified":"2022-07-25T14:51:48","modified_gmt":"2022-07-25T14:51:48","slug":"muriae-tem-abastecimento-de-agua-comprometido-nesta-segunda","status":"publish","type":"post","link":"https:\/\/folhadosudeste.com\/site\/?p=83441","title":{"rendered":"Muria\u00e9 tem abastecimento de \u00e1gua comprometido nesta segunda"},"content":{"rendered":"<p style=\"text-align: center;\"><a href=\"http:\/\/folhadosudeste.com\/site\/wp-content\/uploads\/2022\/07\/WhatsApp-Image-2022-07-25-at-11.39.02.jpeg\"><img loading=\"lazy\" decoding=\"async\" class=\"alignnone size-full wp-image-83442\" src=\"http:\/\/folhadosudeste.com\/site\/wp-content\/uploads\/2022\/07\/WhatsApp-Image-2022-07-25-at-11.39.02.jpeg\" alt=\"\" width=\"984\" height=\"552\" srcset=\"https:\/\/folhadosudeste.com\/site\/wp-content\/uploads\/2022\/07\/WhatsApp-Image-2022-07-25-at-11.39.02.jpeg 984w, https:\/\/folhadosudeste.com\/site\/wp-content\/uploads\/2022\/07\/WhatsApp-Image-2022-07-25-at-11.39.02-300x168.jpeg 300w, https:\/\/folhadosudeste.com\/site\/wp-content\/uploads\/2022\/07\/WhatsApp-Image-2022-07-25-at-11.39.02-768x431.jpeg 768w\" sizes=\"auto, (max-width: 984px) 100vw, 984px\" \/><\/a><em>Imagem ilustrativa de falta de \u00e1gua. \u2014 Foto: Jefferson Severiano Neves\/EPTV<\/em><\/p>\n<h4 class=\"content-head__subtitle\" style=\"text-align: justify;\"><em>Segundo o Demsur, por causa de reparos emergenciais, 80% da cidade ser\u00e1 afetada.<\/em><\/h4>\n<div class=\"mc-column content-text active-extra-styles \" style=\"text-align: justify;\" data-block-type=\"unstyled\" data-block-weight=\"16\" data-block-id=\"2\">\n<p class=\"content-text__container \" data-track-category=\"Link no Texto\" data-track-links=\"\">Aproximadamente 80% dos moradores de&nbsp;<a href=\"https:\/\/g1.globo.com\/mg\/zona-da-mata\/cidade\/muriae\/\">Muria\u00e9<\/a>&nbsp;podem ter o abastecimento de \u00e1gua comprometido nesta segunda-feira (25).<\/p>\n<\/div>\n<div class=\"wall protected-content\">\n<div class=\"mc-column content-text active-extra-styles \" style=\"text-align: justify;\" data-block-type=\"unstyled\" data-block-weight=\"33\" data-block-id=\"3\">\n<p class=\"content-text__container \" style=\"text-align: justify;\" data-track-category=\"Link no Texto\" data-track-links=\"\">De acordo com o Departamento Municipal de Saneamento Urbano (Demsur), o fornecimento foi suspenso para realiza\u00e7\u00e3o de reparos emergenciais em um registro da Esta\u00e7\u00e3o de Tratamento de \u00c1gua da G\u00e1vea em Muria\u00e9.<\/p>\n<\/div>\n<div class=\"mc-column content-text active-extra-styles \" style=\"text-align: justify;\" data-block-type=\"unstyled\" data-block-weight=\"23\" data-block-id=\"4\">\n<p class=\"content-text__container \" data-track-category=\"Link no Texto\" data-track-links=\"\">Ainda segundo o Demsur, ia previs\u00e3o \u00e9 de que o abastecimento fique suspenso at\u00e9 por volta de 14h, quando haver\u00e1 o retorno gradual.<\/p>\n<\/div>\n<div class=\"mc-column content-text active-extra-styles \" data-block-type=\"unstyled\" data-block-weight=\"14\" data-block-id=\"5\">\n<p class=\"content-text__container \" style=\"text-align: justify;\" data-track-category=\"Link no Texto\" data-track-links=\"\">O departamento solicitou que toda a popula\u00e7\u00e3o de Muria\u00e9 economize \u00e1gua para evitar desabastecimento.<\/p>\n<p data-track-category=\"Link no Texto\" data-track-links=\"\">Fonte: G1\/Zona da Mata<\/p>\n<\/div>\n<\/div>\n","protected":false},"excerpt":{"rendered":"<p>Imagem ilustrativa de falta de \u00e1gua. \u2014 Foto: Jefferson Severiano Neves\/EPTV Segundo o Demsur, por causa de reparos emergenciais, 80% da cidade ser\u00e1 afetada. Aproximadamente 80% dos moradores de&nbsp;Muria\u00e9&nbsp;podem ter o abastecimento de \u00e1gua comprometido nesta segunda-feira (25). De acordo com o Departamento Municipal de Saneamento Urbano (Demsur), o fornecimento foi suspenso para realiza\u00e7\u00e3o de [&hellip;]<\/p>\n","protected":false},"author":6,"featured_media":0,"comment_status":"open","ping_status":"closed","sticky":false,"template":"","format":"standard","meta":{"_joinchat":[],"footnotes":""},"categories":[1],"tags":[],"class_list":["post-83441","post","type-post","status-publish","format-standard","hentry","category-sem-categoria"],"_links":{"self":[{"href":"https:\/\/folhadosudeste.com\/site\/index.php?rest_route=\/wp\/v2\/posts\/83441","targetHints":{"allow":["GET"]}}],"collection":[{"href":"https:\/\/folhadosudeste.com\/site\/index.php?rest_route=\/wp\/v2\/posts"}],"about":[{"href":"https:\/\/folhadosudeste.com\/site\/index.php?rest_route=\/wp\/v2\/types\/post"}],"author":[{"embeddable":true,"href":"https:\/\/folhadosudeste.com\/site\/index.php?rest_route=\/wp\/v2\/users\/6"}],"replies":[{"embeddable":true,"href":"https:\/\/folhadosudeste.com\/site\/index.php?rest_route=%2Fwp%2Fv2%2Fcomments&post=83441"}],"version-history":[{"count":3,"href":"https:\/\/folhadosudeste.com\/site\/index.php?rest_route=\/wp\/v2\/posts\/83441\/revisions"}],"predecessor-version":[{"id":83447,"href":"https:\/\/folhadosudeste.com\/site\/index.php?rest_route=\/wp\/v2\/posts\/83441\/revisions\/83447"}],"wp:attachment":[{"href":"https:\/\/folhadosudeste.com\/site\/index.php?rest_route=%2Fwp%2Fv2%2Fmedia&parent=83441"}],"wp:term":[{"taxonomy":"category","embeddable":true,"href":"https:\/\/folhadosudeste.com\/site\/index.php?rest_route=%2Fwp%2Fv2%2Fcategories&post=83441"},{"taxonomy":"post_tag","embeddable":true,"href":"https:\/\/folhadosudeste.com\/site\/index.php?rest_route=%2Fwp%2Fv2%2Ftags&post=83441"}],"curies":[{"name":"wp","href":"https:\/\/api.w.org\/{rel}","templated":true}]}}