{"id":83456,"date":"2022-07-25T15:10:23","date_gmt":"2022-07-25T15:10:23","guid":{"rendered":"http:\/\/folhadosudeste.com\/site\/?p=83456"},"modified":"2022-07-25T15:13:10","modified_gmt":"2022-07-25T15:13:10","slug":"motorista-fica-ferido-apos-colidir-carro-em-carreta-na-br-116-entre-fervedouro-e-muriae","status":"publish","type":"post","link":"https:\/\/folhadosudeste.com\/site\/?p=83456","title":{"rendered":"Motorista fica ferido ap\u00f3s colidir carro em carreta na BR-116, entre Fervedouro e Muria\u00e9"},"content":{"rendered":"<p style=\"text-align: justify;\"><a href=\"http:\/\/folhadosudeste.com\/site\/wp-content\/uploads\/2022\/07\/WhatsApp-Image-2022-07-25-at-12.03.08.jpeg\"><img loading=\"lazy\" decoding=\"async\" class=\"alignnone size-full wp-image-83457\" src=\"http:\/\/folhadosudeste.com\/site\/wp-content\/uploads\/2022\/07\/WhatsApp-Image-2022-07-25-at-12.03.08.jpeg\" alt=\"\" width=\"984\" height=\"435\" srcset=\"https:\/\/folhadosudeste.com\/site\/wp-content\/uploads\/2022\/07\/WhatsApp-Image-2022-07-25-at-12.03.08.jpeg 984w, https:\/\/folhadosudeste.com\/site\/wp-content\/uploads\/2022\/07\/WhatsApp-Image-2022-07-25-at-12.03.08-300x133.jpeg 300w, https:\/\/folhadosudeste.com\/site\/wp-content\/uploads\/2022\/07\/WhatsApp-Image-2022-07-25-at-12.03.08-768x340.jpeg 768w\" sizes=\"auto, (max-width: 984px) 100vw, 984px\" \/><\/a><em>Motorista fica ferido ap\u00f3s colidir carro em carreta na BR-116, entre Fervedouro e Muria\u00e9 \u2014 Foto: Corpo de Bombeiros\/Divulga\u00e7\u00e3o<\/em><\/p>\n<h4 class=\"content-head__subtitle\" style=\"text-align: justify;\">Condutor do ve\u00edculo foi encontrado preso dentro do autom\u00f3vel e apresentava fratura na perna e uma barra de ferro encravada no membro<\/h4>\n<div class=\"mc-column content-text active-extra-styles \" style=\"text-align: justify;\" data-block-type=\"unstyled\" data-block-weight=\"30\" data-block-id=\"2\">\n<p class=\"content-text__container \" data-track-category=\"Link no Texto\" data-track-links=\"\">Um motorista, de identidade n\u00e3o revelada, ficou gravemente ferido ap\u00f3s uma colis\u00e3o entre um autom\u00f3vel e uma carreta na manh\u00e3 deste domingo (24) na BR-116, entre&nbsp;<a href=\"https:\/\/g1.globo.com\/mg\/zona-da-mata\/cidade\/fervedouro\/\">Fervedouro<\/a>&nbsp;e&nbsp;<a href=\"https:\/\/g1.globo.com\/mg\/zona-da-mata\/cidade\/muriae\/\">Muria\u00e9<\/a>.<\/p>\n<\/div>\n<div class=\"wall protected-content\">\n<div class=\"mc-column content-text active-extra-styles \" style=\"text-align: justify;\" data-block-type=\"unstyled\" data-block-weight=\"34\" data-block-id=\"3\">\n<p class=\"content-text__container \" data-track-category=\"Link no Texto\" data-track-links=\"\">De acordo com o Corpo de Bombeiros, o condutor do ve\u00edculo foi encontrado preso \u00e0s ferragens, com suspeita de fratura em uma das pernas e com uma barra de ferro encravada no membro.<\/p>\n<\/div>\n<div class=\"mc-column content-text active-extra-styles \" style=\"text-align: justify;\" data-block-type=\"unstyled\" data-block-weight=\"35\" data-block-id=\"4\">\n<p class=\"content-text__container \" data-track-category=\"Link no Texto\" data-track-links=\"\">O Servi\u00e7o de Atendimento M\u00f3vel de Urg\u00eancia (Samu) encaminhou a v\u00edtima para o Hospital S\u00e3o Paulo, em Muria\u00e9. O<a href=\"https:\/\/g1.globo.com\/mg\/zona-da-mata\/\">&nbsp;<strong>g1<\/strong><\/a>&nbsp;n\u00e3o conseguiu atualizar o estado de sa\u00fade dela porque o nome n\u00e3o foi informado.<\/p>\n<\/div>\n<\/div>\n<p><!--more--><\/p>\n<div class=\"mc-column content-text active-extra-styles \" style=\"text-align: justify;\" data-block-type=\"unstyled\" data-block-weight=\"30\" data-block-id=\"5\">\n<p class=\"content-text__container \" data-track-category=\"Link no Texto\" data-track-links=\"\">A Pol\u00edcia Rodovi\u00e1ria Federal (PRF) foi acionada e monitorou o tr\u00e2nsito no local. A din\u00e2mica do acidente n\u00e3o foi divulgada, bem como se o motorista da carreta ficou ferido.<\/p>\n<\/div>\n<div class=\"content-ads content-ads--reveal\" style=\"text-align: justify;\" data-block-type=\"ads\" data-block-id=\"6\"><a href=\"http:\/\/folhadosudeste.com\/site\/wp-content\/uploads\/2022\/07\/WhatsApp-Image-2022-07-25-at-12.07.03.jpeg\"><img loading=\"lazy\" decoding=\"async\" class=\"alignnone size-full wp-image-83458\" src=\"http:\/\/folhadosudeste.com\/site\/wp-content\/uploads\/2022\/07\/WhatsApp-Image-2022-07-25-at-12.07.03.jpeg\" alt=\"\" width=\"984\" height=\"429\" srcset=\"https:\/\/folhadosudeste.com\/site\/wp-content\/uploads\/2022\/07\/WhatsApp-Image-2022-07-25-at-12.07.03.jpeg 984w, https:\/\/folhadosudeste.com\/site\/wp-content\/uploads\/2022\/07\/WhatsApp-Image-2022-07-25-at-12.07.03-300x131.jpeg 300w, https:\/\/folhadosudeste.com\/site\/wp-content\/uploads\/2022\/07\/WhatsApp-Image-2022-07-25-at-12.07.03-768x335.jpeg 768w\" sizes=\"auto, (max-width: 984px) 100vw, 984px\" \/><\/a><\/div>\n<div style=\"text-align: center;\" data-block-type=\"ads\" data-block-id=\"6\"><em>Rodovia na BR-116, entre Fervedouro e Muria\u00e9, chegou a ficar em meia pista \u2014 Foto: Corpo de Bombeiros\/Divulga\u00e7\u00e3o<\/em><\/div>\n<div data-block-type=\"ads\" data-block-id=\"6\">&nbsp;<\/div>\n<div data-block-type=\"ads\" data-block-id=\"6\">Fonte: G1\/Zona da Mata<\/div>\n","protected":false},"excerpt":{"rendered":"<p>Motorista fica ferido ap\u00f3s colidir carro em carreta na BR-116, entre Fervedouro e Muria\u00e9 \u2014 Foto: Corpo de Bombeiros\/Divulga\u00e7\u00e3o Condutor do ve\u00edculo foi encontrado preso dentro do autom\u00f3vel e apresentava fratura na perna e uma barra de ferro encravada no membro Um motorista, de identidade n\u00e3o revelada, ficou gravemente ferido ap\u00f3s uma colis\u00e3o entre um [&hellip;]<\/p>\n","protected":false},"author":6,"featured_media":0,"comment_status":"open","ping_status":"closed","sticky":false,"template":"","format":"standard","meta":{"_joinchat":[],"footnotes":""},"categories":[1],"tags":[],"class_list":["post-83456","post","type-post","status-publish","format-standard","hentry","category-sem-categoria"],"_links":{"self":[{"href":"https:\/\/folhadosudeste.com\/site\/index.php?rest_route=\/wp\/v2\/posts\/83456","targetHints":{"allow":["GET"]}}],"collection":[{"href":"https:\/\/folhadosudeste.com\/site\/index.php?rest_route=\/wp\/v2\/posts"}],"about":[{"href":"https:\/\/folhadosudeste.com\/site\/index.php?rest_route=\/wp\/v2\/types\/post"}],"author":[{"embeddable":true,"href":"https:\/\/folhadosudeste.com\/site\/index.php?rest_route=\/wp\/v2\/users\/6"}],"replies":[{"embeddable":true,"href":"https:\/\/folhadosudeste.com\/site\/index.php?rest_route=%2Fwp%2Fv2%2Fcomments&post=83456"}],"version-history":[{"count":2,"href":"https:\/\/folhadosudeste.com\/site\/index.php?rest_route=\/wp\/v2\/posts\/83456\/revisions"}],"predecessor-version":[{"id":83460,"href":"https:\/\/folhadosudeste.com\/site\/index.php?rest_route=\/wp\/v2\/posts\/83456\/revisions\/83460"}],"wp:attachment":[{"href":"https:\/\/folhadosudeste.com\/site\/index.php?rest_route=%2Fwp%2Fv2%2Fmedia&parent=83456"}],"wp:term":[{"taxonomy":"category","embeddable":true,"href":"https:\/\/folhadosudeste.com\/site\/index.php?rest_route=%2Fwp%2Fv2%2Fcategories&post=83456"},{"taxonomy":"post_tag","embeddable":true,"href":"https:\/\/folhadosudeste.com\/site\/index.php?rest_route=%2Fwp%2Fv2%2Ftags&post=83456"}],"curies":[{"name":"wp","href":"https:\/\/api.w.org\/{rel}","templated":true}]}}