{"id":83475,"date":"2022-07-26T13:39:25","date_gmt":"2022-07-26T13:39:25","guid":{"rendered":"http:\/\/folhadosudeste.com\/site\/?p=83475"},"modified":"2022-07-26T13:39:25","modified_gmt":"2022-07-26T13:39:25","slug":"marcos-guarino-se-reune-com-governador-e-apresenta-demandas-para-muriae","status":"publish","type":"post","link":"https:\/\/folhadosudeste.com\/site\/?p=83475","title":{"rendered":"Marcos Guarino se re\u00fane com governador e apresenta demandas para Muria\u00e9"},"content":{"rendered":"<div id=\":1af\" class=\"ii gt\">\n<div id=\":1ae\" class=\"a3s aiL \">\n<div dir=\"ltr\">\n<div dir=\"ltr\">\n<div dir=\"ltr\">\n<div dir=\"ltr\"><a href=\"http:\/\/folhadosudeste.com\/site\/wp-content\/uploads\/2022\/07\/reuniao01.jpeg\"><img loading=\"lazy\" decoding=\"async\" class=\"alignnone size-full wp-image-83476\" src=\"http:\/\/folhadosudeste.com\/site\/wp-content\/uploads\/2022\/07\/reuniao01.jpeg\" alt=\"\" width=\"1600\" height=\"1198\" srcset=\"https:\/\/folhadosudeste.com\/site\/wp-content\/uploads\/2022\/07\/reuniao01.jpeg 1600w, https:\/\/folhadosudeste.com\/site\/wp-content\/uploads\/2022\/07\/reuniao01-300x225.jpeg 300w, https:\/\/folhadosudeste.com\/site\/wp-content\/uploads\/2022\/07\/reuniao01-768x575.jpeg 768w, https:\/\/folhadosudeste.com\/site\/wp-content\/uploads\/2022\/07\/reuniao01-1024x767.jpeg 1024w\" sizes=\"auto, (max-width: 1600px) 100vw, 1600px\" \/><\/a><\/div>\n<div dir=\"ltr\" style=\"text-align: justify;\">Em sua primeira viagem oficial, o prefeito Marcos Guarino esteve na segunda-feira, 25 de julho, em Belo Horizonte.<\/div>\n<div dir=\"ltr\" style=\"text-align: justify;\">&nbsp;<\/div>\n<div dir=\"ltr\" style=\"text-align: justify;\">Na capital, ele se reuniu com o governador Romeu Zema e com o deputado estadual Braulio Braz para apresentar demandas do munic\u00edpio.<\/div>\n<div dir=\"ltr\" style=\"text-align: justify;\">&nbsp;<\/div>\n<div dir=\"ltr\" style=\"text-align: justify;\">A primeira parada foi no gabinete do parlamentar, na Assembleia Legislativa de Minas Gerais. Em seguida, ele esteve com Romeu Zema e pediu apoio do governo do estado para tr\u00eas demandas:&nbsp;<\/div>\n<div dir=\"ltr\" style=\"text-align: justify;\">&nbsp;<\/div>\n<div dir=\"ltr\" style=\"text-align: justify;\">&#8211; limpeza e dragagem do rio Muria\u00e9;<\/div>\n<div dir=\"ltr\" style=\"text-align: justify;\">&nbsp;<\/div>\n<div dir=\"ltr\" style=\"text-align: justify;\">&#8211; cria\u00e7\u00e3o de um bra\u00e7o da Universidade Estadual de Minas Gerais no munic\u00edpio;<\/div>\n<div dir=\"ltr\" style=\"text-align: justify;\">&nbsp;<\/div>\n<div dir=\"ltr\" style=\"text-align: justify;\">&#8211; aux\u00edlio para recupera\u00e7\u00e3o de moradias para fam\u00edlias em situa\u00e7\u00e3o de vulnerabilidade.<\/div>\n<div dir=\"ltr\" style=\"text-align: justify;\">&nbsp;<\/div>\n<div dir=\"ltr\" style=\"text-align: justify;\">&#8220;A gente espera que, no mais curto espa\u00e7o poss\u00edvel de tempo, seja poss\u00edvel realizar as necessidades que a popula\u00e7\u00e3o de Muria\u00e9 precisa&#8221;, disse o prefeito.<\/div>\n<\/div>\n<\/div>\n<\/div>\n<\/div>\n<\/div>\n<p><!--more--><\/p>\n<div id=\":1c5\" class=\"hq gt\" style=\"text-align: justify;\"><a href=\"http:\/\/folhadosudeste.com\/site\/wp-content\/uploads\/2022\/07\/reuniao02.jpeg\"><img loading=\"lazy\" decoding=\"async\" class=\"alignnone size-full wp-image-83477\" src=\"http:\/\/folhadosudeste.com\/site\/wp-content\/uploads\/2022\/07\/reuniao02.jpeg\" alt=\"\" width=\"1201\" height=\"901\" srcset=\"https:\/\/folhadosudeste.com\/site\/wp-content\/uploads\/2022\/07\/reuniao02.jpeg 1201w, https:\/\/folhadosudeste.com\/site\/wp-content\/uploads\/2022\/07\/reuniao02-300x225.jpeg 300w, https:\/\/folhadosudeste.com\/site\/wp-content\/uploads\/2022\/07\/reuniao02-768x576.jpeg 768w, https:\/\/folhadosudeste.com\/site\/wp-content\/uploads\/2022\/07\/reuniao02-1024x768.jpeg 1024w\" sizes=\"auto, (max-width: 1201px) 100vw, 1201px\" \/><\/a> <a href=\"http:\/\/folhadosudeste.com\/site\/wp-content\/uploads\/2022\/07\/reuniao03.jpeg\"><img loading=\"lazy\" decoding=\"async\" class=\"alignnone size-full wp-image-83478\" src=\"http:\/\/folhadosudeste.com\/site\/wp-content\/uploads\/2022\/07\/reuniao03.jpeg\" alt=\"\" width=\"899\" height=\"673\" srcset=\"https:\/\/folhadosudeste.com\/site\/wp-content\/uploads\/2022\/07\/reuniao03.jpeg 899w, https:\/\/folhadosudeste.com\/site\/wp-content\/uploads\/2022\/07\/reuniao03-300x225.jpeg 300w, https:\/\/folhadosudeste.com\/site\/wp-content\/uploads\/2022\/07\/reuniao03-768x575.jpeg 768w\" sizes=\"auto, (max-width: 899px) 100vw, 899px\" \/><\/a><\/div>\n","protected":false},"excerpt":{"rendered":"<p>Em sua primeira viagem oficial, o prefeito Marcos Guarino esteve na segunda-feira, 25 de julho, em Belo Horizonte. &nbsp; Na capital, ele se reuniu com o governador Romeu Zema e com o deputado estadual Braulio Braz para apresentar demandas do munic\u00edpio. &nbsp; A primeira parada foi no gabinete do parlamentar, na Assembleia Legislativa de Minas [&hellip;]<\/p>\n","protected":false},"author":6,"featured_media":0,"comment_status":"open","ping_status":"closed","sticky":false,"template":"","format":"standard","meta":{"_joinchat":[],"footnotes":""},"categories":[1],"tags":[],"class_list":["post-83475","post","type-post","status-publish","format-standard","hentry","category-sem-categoria"],"_links":{"self":[{"href":"https:\/\/folhadosudeste.com\/site\/index.php?rest_route=\/wp\/v2\/posts\/83475","targetHints":{"allow":["GET"]}}],"collection":[{"href":"https:\/\/folhadosudeste.com\/site\/index.php?rest_route=\/wp\/v2\/posts"}],"about":[{"href":"https:\/\/folhadosudeste.com\/site\/index.php?rest_route=\/wp\/v2\/types\/post"}],"author":[{"embeddable":true,"href":"https:\/\/folhadosudeste.com\/site\/index.php?rest_route=\/wp\/v2\/users\/6"}],"replies":[{"embeddable":true,"href":"https:\/\/folhadosudeste.com\/site\/index.php?rest_route=%2Fwp%2Fv2%2Fcomments&post=83475"}],"version-history":[{"count":1,"href":"https:\/\/folhadosudeste.com\/site\/index.php?rest_route=\/wp\/v2\/posts\/83475\/revisions"}],"predecessor-version":[{"id":83479,"href":"https:\/\/folhadosudeste.com\/site\/index.php?rest_route=\/wp\/v2\/posts\/83475\/revisions\/83479"}],"wp:attachment":[{"href":"https:\/\/folhadosudeste.com\/site\/index.php?rest_route=%2Fwp%2Fv2%2Fmedia&parent=83475"}],"wp:term":[{"taxonomy":"category","embeddable":true,"href":"https:\/\/folhadosudeste.com\/site\/index.php?rest_route=%2Fwp%2Fv2%2Fcategories&post=83475"},{"taxonomy":"post_tag","embeddable":true,"href":"https:\/\/folhadosudeste.com\/site\/index.php?rest_route=%2Fwp%2Fv2%2Ftags&post=83475"}],"curies":[{"name":"wp","href":"https:\/\/api.w.org\/{rel}","templated":true}]}}