{"id":83480,"date":"2022-07-26T14:08:22","date_gmt":"2022-07-26T14:08:22","guid":{"rendered":"http:\/\/folhadosudeste.com\/site\/?p=83480"},"modified":"2022-07-26T14:08:22","modified_gmt":"2022-07-26T14:08:22","slug":"estudo-aponta-brasil-como-lider-mundial-de-boas-praticas-ambientais-no-agronegocio","status":"publish","type":"post","link":"https:\/\/folhadosudeste.com\/site\/?p=83480","title":{"rendered":"Estudo aponta Brasil como l\u00edder mundial de boas pr\u00e1ticas ambientais no agroneg\u00f3cio"},"content":{"rendered":"<p><a href=\"http:\/\/folhadosudeste.com\/site\/wp-content\/uploads\/2022\/07\/nature-3294632_1920.jpg\"><img loading=\"lazy\" decoding=\"async\" class=\"alignnone size-full wp-image-83481\" src=\"http:\/\/folhadosudeste.com\/site\/wp-content\/uploads\/2022\/07\/nature-3294632_1920.jpg\" alt=\"\" width=\"1100\" height=\"733\" srcset=\"https:\/\/folhadosudeste.com\/site\/wp-content\/uploads\/2022\/07\/nature-3294632_1920.jpg 1100w, https:\/\/folhadosudeste.com\/site\/wp-content\/uploads\/2022\/07\/nature-3294632_1920-300x200.jpg 300w, https:\/\/folhadosudeste.com\/site\/wp-content\/uploads\/2022\/07\/nature-3294632_1920-768x512.jpg 768w, https:\/\/folhadosudeste.com\/site\/wp-content\/uploads\/2022\/07\/nature-3294632_1920-1024x682.jpg 1024w, https:\/\/folhadosudeste.com\/site\/wp-content\/uploads\/2022\/07\/nature-3294632_1920-120x80.jpg 120w, https:\/\/folhadosudeste.com\/site\/wp-content\/uploads\/2022\/07\/nature-3294632_1920-345x230.jpg 345w\" sizes=\"auto, (max-width: 1100px) 100vw, 1100px\" \/><\/a><\/p>\n<p style=\"text-align: justify;\"><i>Levantamento analisou quase seis milh\u00f5es de propriedades rurais<\/i><\/p>\n<p style=\"text-align: justify;\">O Brasil se destaca no agroneg\u00f3cio como l\u00edder mundial na implementa\u00e7\u00e3o das melhores pr\u00e1ticas ambientais, sociais e de governan\u00e7a. A conclus\u00e3o \u00e9 do mais recente estudo da s\u00e9rie Millenium Explica, elaborado pelo Defensor P\u00fablico Federal Andr\u00e9 Naves, que \u00e9 tamb\u00e9m escritor e professor. Essa diretriz, que une produtividade e sustentabilidade, \u00e9 conhecida internacionalmente pela siga em ingl\u00eas ESG (Environmental, Social and Governance).<\/p>\n<p style=\"text-align: justify;\">Como assinala Andr\u00e9 Naves, o agro \u00e9 respons\u00e1vel pela preserva\u00e7\u00e3o de 33,2% das \u00e1reas ambientais no pa\u00eds. Os dados utilizados por ele s\u00e3o de um estudo da Embrapa Territorial (Empresa Brasileira de Pesquisa Agropecu\u00e1ria), que mostrou que cerca de um ter\u00e7o das \u00e1reas protegidas est\u00e3o dentro das propriedades rurais.<\/p>\n<p style=\"text-align: justify;\">O levantamento analisou quase seis milh\u00f5es de estabelecimentos, por meio de dados do Censo Agropecu\u00e1rio e do Sistema Nacional do Cadastro Ambiental Rural (Sicar), e concluiu que os produtores preservam 282,8 milh\u00f5es de hectares.<\/p>\n<p style=\"text-align: justify;\">Para pontuar o bom uso de defensivos agr\u00edcolas, Naves destacou que o Brasil \u00e9 um dos pa\u00edses com alta produ\u00e7\u00e3o agr\u00edcola que menos utiliza qu\u00edmicos, proporcionalmente \u00e0 sua produ\u00e7\u00e3o. A avalia\u00e7\u00e3o, conforme explica o autor, \u00e9 da FAO\/ONU (Organiza\u00e7\u00e3o das Na\u00e7\u00f5es Unidas para a Alimenta\u00e7\u00e3o e a Agricultura), EMBRAPA, ABAG (Associa\u00e7\u00e3o Brasileira de Agroneg\u00f3cio) e ANDEF (Associa\u00e7\u00e3o Nacional de Defesa Vegetal).<\/p>\n<p style=\"text-align: justify;\"><!--more--><\/p>\n<p style=\"text-align: justify;\">O pa\u00eds est\u00e1 em uma posi\u00e7\u00e3o de privil\u00e9gio para avan\u00e7ar no movimento de boas pr\u00e1ticas porque tem estabilidade institucional, boa localiza\u00e7\u00e3o e facilidade para acesso aos mercados europeus e africanos. Nas palavras de Naves, \u201co agroneg\u00f3cio nacional, portanto, possuindo maior produtividade, sustentabilidade ambiental e adequa\u00e7\u00e3o social, possui todos os requisitos para colocar o Brasil na posi\u00e7\u00e3o de lideran\u00e7a dessa chamada Globaliza\u00e7\u00e3o ESG\u201d.<\/p>\n<p style=\"text-align: justify;\">O colunista do Instituto Millenium elencou alguns pontos de aten\u00e7\u00e3o para o desenvolvimento do agroneg\u00f3cio. Um deles \u00e9 o protecionismo, muitas vezes identificado por meio de barreiras sanit\u00e1rias aos produtos brasileiros, o que na pr\u00e1tica impede que determinadas mercadorias entrem em importantes mercados internacionais.<\/p>\n<p style=\"text-align: justify;\">Naves tamb\u00e9m salienta que o setor precisa de investimentos para que haja mais competitividade com o mercado internacional. Na an\u00e1lise do Defensor P\u00fablico, \u00e9 fundamental a cria\u00e7\u00e3o e a amplia\u00e7\u00e3o de pol\u00edticas p\u00fablicas que resultem em aumento do valor agregado dos produtos. \u201c\u00c9 necess\u00e1ria uma melhoria institucional, simplificando, desburocratizando e facilitando o ambiente de neg\u00f3cios\u201d.<\/p>\n<p style=\"text-align: justify;\"><strong>Economia verde<\/strong><\/p>\n<p style=\"text-align: justify;\">O estudo da s\u00e9rie Millenium Explica tamb\u00e9m analisou a conjuntura atual da economia verde brasileira. Andr\u00e9 Naves observa que pa\u00eds tem potencial para se tornar l\u00edder global na produ\u00e7\u00e3o da energia limpa. Para que isso seja poss\u00edvel, a sociedade civil deve liderar a condu\u00e7\u00e3o para patamares mais elevados de desenvolvimento sustent\u00e1vel, em que o crescimento econ\u00f4mico seja pautado por um marco institucional impessoal e transparente que equalize as rela\u00e7\u00f5es de poder e as desigualdades sociais.<\/p>\n<p style=\"text-align: justify;\">O Defensor P\u00fablico cita que o Brasil j\u00e1 possui posi\u00e7\u00e3o de destaque na produ\u00e7\u00e3o energ\u00e9tica limpa e renov\u00e1vel. \u201cDe acordo com a Ag\u00eancia Nacional de Energia El\u00e9trica (Aneel), a energia e\u00f3lica \u00e9 a segunda fonte de matriz el\u00e9trica brasileira, atr\u00e1s apenas da hidrel\u00e9trica. A capacidade instalada \u00e9 de 16 GW, segundo dados divulgados em junho de 2020 pela Associa\u00e7\u00e3o Brasileira de Energia E\u00f3lica (ABEE\u00f3lica)\u201d, explicou.<\/p>\n<p style=\"text-align: justify;\">Para mostrar que o pa\u00eds \u00e9 uma promessa real, o artigo divulgou n\u00fameros da AproBio (Associa\u00e7\u00e3o dos Produtores de Biocombust\u00edvel do Brasil). Os dados revelam que a produ\u00e7\u00e3o e exporta\u00e7\u00e3o do hidrog\u00eanio dever\u00e1 responder, em 2050, por 20% de toda a demanda de energia global, gerando um mercado de US\uff04 2,5 trilh\u00f5es. Como o Brasil tem cerca de 80% da sua matriz el\u00e9trica renov\u00e1vel, o professor entende que o pa\u00eds pode se tornar um dos grandes protagonistas desse mercado.<\/p>\n<p style=\"text-align: justify;\">Andr\u00e9 Naves conclui afirmando que as potencialidades brasileiras s\u00f3 ir\u00e3o se concretizar se as diretrizes priorizarem desenvolvimento, transpar\u00eancia e combate \u00e0 corrup\u00e7\u00e3o.<\/p>\n","protected":false},"excerpt":{"rendered":"<p>Levantamento analisou quase seis milh\u00f5es de propriedades rurais O Brasil se destaca no agroneg\u00f3cio como l\u00edder mundial na implementa\u00e7\u00e3o das melhores pr\u00e1ticas ambientais, sociais e de governan\u00e7a. A conclus\u00e3o \u00e9 do mais recente estudo da s\u00e9rie Millenium Explica, elaborado pelo Defensor P\u00fablico Federal Andr\u00e9 Naves, que \u00e9 tamb\u00e9m escritor e professor. Essa diretriz, que une [&hellip;]<\/p>\n","protected":false},"author":6,"featured_media":0,"comment_status":"open","ping_status":"closed","sticky":false,"template":"","format":"standard","meta":{"_joinchat":[],"footnotes":""},"categories":[1],"tags":[],"class_list":["post-83480","post","type-post","status-publish","format-standard","hentry","category-sem-categoria"],"_links":{"self":[{"href":"https:\/\/folhadosudeste.com\/site\/index.php?rest_route=\/wp\/v2\/posts\/83480","targetHints":{"allow":["GET"]}}],"collection":[{"href":"https:\/\/folhadosudeste.com\/site\/index.php?rest_route=\/wp\/v2\/posts"}],"about":[{"href":"https:\/\/folhadosudeste.com\/site\/index.php?rest_route=\/wp\/v2\/types\/post"}],"author":[{"embeddable":true,"href":"https:\/\/folhadosudeste.com\/site\/index.php?rest_route=\/wp\/v2\/users\/6"}],"replies":[{"embeddable":true,"href":"https:\/\/folhadosudeste.com\/site\/index.php?rest_route=%2Fwp%2Fv2%2Fcomments&post=83480"}],"version-history":[{"count":1,"href":"https:\/\/folhadosudeste.com\/site\/index.php?rest_route=\/wp\/v2\/posts\/83480\/revisions"}],"predecessor-version":[{"id":83482,"href":"https:\/\/folhadosudeste.com\/site\/index.php?rest_route=\/wp\/v2\/posts\/83480\/revisions\/83482"}],"wp:attachment":[{"href":"https:\/\/folhadosudeste.com\/site\/index.php?rest_route=%2Fwp%2Fv2%2Fmedia&parent=83480"}],"wp:term":[{"taxonomy":"category","embeddable":true,"href":"https:\/\/folhadosudeste.com\/site\/index.php?rest_route=%2Fwp%2Fv2%2Fcategories&post=83480"},{"taxonomy":"post_tag","embeddable":true,"href":"https:\/\/folhadosudeste.com\/site\/index.php?rest_route=%2Fwp%2Fv2%2Ftags&post=83480"}],"curies":[{"name":"wp","href":"https:\/\/api.w.org\/{rel}","templated":true}]}}